{"id":7227,"date":"2014-05-26T11:20:12","date_gmt":"2014-05-26T16:20:12","guid":{"rendered":"https:\/\/radiowebmx.com\/nota\/?p=7227"},"modified":"2014-05-26T11:20:12","modified_gmt":"2014-05-26T16:20:12","slug":"alista-proteccion-civil-albergues-para-atencion-de-ciudadanos-en-caso-de-ser-necesario","status":"publish","type":"post","link":"https:\/\/radiowebmx.com\/nota\/alista-proteccion-civil-albergues-para-atencion-de-ciudadanos-en-caso-de-ser-necesario\/","title":{"rendered":"ALISTA PROTECCI\u00d3N CIVIL ALBERGUES PARA ATENCI\u00d3N DE CIUDADANOS EN CASO DE SER NECESARIO"},"content":{"rendered":"<p>El Sistema Estatal de Protecci\u00f3n Civil se mantiene en alerta y tiene ya preparada la estrategia a seguir para la apertura de albergues en los que se brinde atenci\u00f3n a ciudadanos que lo requieran, en caso de que los efectos del hurac\u00e1n \u201cAmanda\u201d as\u00ed lo exija. Hasta la ma\u00f1ana de este domingo el meteoro se localizaba a 1,090 kil\u00f3metros de la costa michoacana, por lo que se tiene constante monitoreo de la situaci\u00f3n.<\/p>\n<p>Marco Vinicio Aguilera Garibay, encargado del Despacho de la Secretar\u00eda de Gobierno, inform\u00f3 que desde hace dos d\u00edas se ha hecho la revisi\u00f3n de los protocolos que deben seguirse ante situaciones de riesgo como en este caso lo representa el fen\u00f3meno meteorol\u00f3gico.<\/p>\n<p>Por ahora hay especial atenci\u00f3n a la zona de la Costa de Michoac\u00e1n donde podr\u00edan presentarse aguaceros intensos, por lo que de ser necesario se abrir\u00e1n los albergues en los sitios en lo que tradicionalmente han operado ante este tipo de eventualidades en cada uno de los municipios de esa franja, principalmente en L\u00e1zaro C\u00e1rdenas, Aquila y Coahuayana, sin descuidar el resto del territorio.<\/p>\n<p>Aguilera Garibay manifest\u00f3 que por ahora no se han abierto los albergues pero se tienen listos para su empleo en caso de que as\u00ed se requiera, pues el reportero del Servicio Meteorol\u00f3gico Nacional indica que el hurac\u00e1n \u201cAmanda\u201d se encontraba esta ma\u00f1ana estacionado frente a las costas y en cualquier momento puede tener acercamiento hacia el territorio michoacano.<\/p>\n<p>Reiter\u00f3 su llamado a la poblaci\u00f3n para que se mantenga en alerta y al pendiente de la informaci\u00f3n que se d\u00e9 a conocer por las diferentes v\u00edas de la comunicaci\u00f3n.<\/p>\n<p>Se\u00f1al\u00f3 que ante las lluvias que se presentan en el Estado los automovilistas deben extremar sus precauciones al circular por las carreteras para evitar accidentes que pongan en riesgo la vida de las personas.<\/p>\n","protected":false},"excerpt":{"rendered":"<p>El Sistema Estatal de Protecci\u00f3n Civil se mantiene en alerta y tiene ya preparada la estrategia a seguir para la apertura de albergues en los que se brinde atenci\u00f3n a ciudadanos que lo requieran, en caso de que los efectos del hurac\u00e1n \u201cAmanda\u201d <\/p>\n","protected":false},"author":1,"featured_media":0,"comment_status":"open","ping_status":"open","sticky":false,"template":"","format":"standard","meta":{"footnotes":""},"categories":[14,3],"tags":[],"class_list":["post-7227","post","type-post","status-publish","format-standard","hentry","category-destacadas","category-gobierno-del-estado-de-michoacan"],"_links":{"self":[{"href":"https:\/\/radiowebmx.com\/nota\/wp-json\/wp\/v2\/posts\/7227","targetHints":{"allow":["GET"]}}],"collection":[{"href":"https:\/\/radiowebmx.com\/nota\/wp-json\/wp\/v2\/posts"}],"about":[{"href":"https:\/\/radiowebmx.com\/nota\/wp-json\/wp\/v2\/types\/post"}],"author":[{"embeddable":true,"href":"https:\/\/radiowebmx.com\/nota\/wp-json\/wp\/v2\/users\/1"}],"replies":[{"embeddable":true,"href":"https:\/\/radiowebmx.com\/nota\/wp-json\/wp\/v2\/comments?post=7227"}],"version-history":[{"count":2,"href":"https:\/\/radiowebmx.com\/nota\/wp-json\/wp\/v2\/posts\/7227\/revisions"}],"predecessor-version":[{"id":7229,"href":"https:\/\/radiowebmx.com\/nota\/wp-json\/wp\/v2\/posts\/7227\/revisions\/7229"}],"wp:attachment":[{"href":"https:\/\/radiowebmx.com\/nota\/wp-json\/wp\/v2\/media?parent=7227"}],"wp:term":[{"taxonomy":"category","embeddable":true,"href":"https:\/\/radiowebmx.com\/nota\/wp-json\/wp\/v2\/categories?post=7227"},{"taxonomy":"post_tag","embeddable":true,"href":"https:\/\/radiowebmx.com\/nota\/wp-json\/wp\/v2\/tags?post=7227"}],"curies":[{"name":"wp","href":"https:\/\/api.w.org\/{rel}","templated":true}]}}