{"id":7225,"date":"2014-05-26T11:05:04","date_gmt":"2014-05-26T16:05:04","guid":{"rendered":"https:\/\/radiowebmx.com\/nota\/?p=7225"},"modified":"2014-05-26T11:05:04","modified_gmt":"2014-05-26T16:05:04","slug":"captura-pgje-a-dos-profugos-de-la-justicia-de-queretaro","status":"publish","type":"post","link":"https:\/\/radiowebmx.com\/nota\/captura-pgje-a-dos-profugos-de-la-justicia-de-queretaro\/","title":{"rendered":"Captura PGJE a dos pr\u00f3fugos de la Justicia de Quer\u00e9taro"},"content":{"rendered":"<p>En base a los diferentes convenios de colaboraci\u00f3n y como resultado de los trabajos de inteligencia, personal de la Procuradur\u00eda General de Justicia de Michoac\u00e1n llevaron a cabo la localizaci\u00f3n y detenci\u00f3n de dos personas en el vecino estado de Quer\u00e9taro, quienes son probables responsables de los delitos de robo e incumplimiento de las obligaciones de asistencia familiar.<\/p>\n<p>&nbsp;<\/p>\n<p>Agentes de la Polic\u00eda Ministerial en colaboraci\u00f3n con sus hom\u00f3logos del estado de Quer\u00e9taro, llevaron primeramente la localizaci\u00f3n de Juan Gerardo R., de 31 a\u00f1os de edad.<\/p>\n<p>&nbsp;<\/p>\n<p>El ahora mencionado tienen su contra un mandato judicial de captura, por el delito de robo calificado, el cual fue librado por el juez Tercero de lo Penal de este Distrito Judicial.<\/p>\n<p>&nbsp;<\/p>\n<p>De acuerdo a los datos que obran en el proceso penal, se sabe que el detenido en compa\u00f1\u00eda de Jaime G., quien fue detenido en octubre del 2013, se introdujeron a robar el seis de marzo del 2006 a un domicilio del FOVISSSTE Morelos.<\/p>\n<p>&nbsp;<\/p>\n<p>Los ahora mencionados d\u00edas antes el robo, se encontraban en las chanchas del mencionado complejo habitacional, donde planearon introducirse a robar al domicilio de la v\u00edctima quienes sab\u00eda que se dedicaba a la venta de oro.<\/p>\n<p>&nbsp;<\/p>\n<p>Fue alrededor de las 13:00 horas, cuando los detenidos detuvieron, a espaldas del domicilio de la agravia, una unidad de alquiler que tripulaban, para enseguida brincarse una de las bardas y entrar al inmueble.<\/p>\n<p>&nbsp;<\/p>\n<p>Una vez en el interior de la casa se dirigieron hasta una de las habitaciones donde sustrajeron un lote de joyas\u00a0 de aproximadamente 522 objetos de joyer\u00eda como: pulseras, cadenas, dijes, medallas, gargantillas, entre otros, con un valor superior a los 568 mil pesos.<\/p>\n<p>&nbsp;<\/p>\n<p>Ya con el bot\u00edn en su poder los amantes de lo ajeno se dieron a la fuga para trasladarse a Ixtapa, Zihuatanejo, donde comercializaron las joyas y comenzaron a gastar el dinero.<\/p>\n<p>&nbsp;<\/p>\n<p>Posteriormente, los dos presuntos ladrones se dirigieron a Tijuana, donde continuaron vendiendo los art\u00edculos hurtados, gastando el producto de lo robado y al paso de unos d\u00edas regresaron a esta ciudad capital.<\/p>\n<p>&nbsp;<\/p>\n<p>Motivo por el cual, el ahora detenido se dirigi\u00f3 al vecino estado de Quer\u00e9taro donde fue detenido en las inmediaciones de la colonia Las Palmas por los agentes de ambas Procuradur\u00edas.<\/p>\n<p>&nbsp;<\/p>\n<p>Asimismo, en el mencionado estado, en la colonia Vista Bella, tambi\u00e9n fue localizado y requerido Inocencio G. quien cuenta con una orden de aprehensi\u00f3n por el delito de incumplimiento de las obligaciones de asistencia familiar, del juzgado primero menor de este Distrito Judicial.<\/p>\n<p>&nbsp;<\/p>\n<p>Ambos detenidos fueron trasladados a esta ciudad capital, para ser puesto a disposici\u00f3n de las autoridades que los reclaman, mismos que les definir\u00e1n su situaci\u00f3n jur\u00eddica.<\/p>\n","protected":false},"excerpt":{"rendered":"<p>En base a los diferentes convenios de colaboraci\u00f3n y como resultado de los trabajos de inteligencia, personal de la Procuradur\u00eda General de Justicia de Michoac\u00e1n llevaron a cabo la localizaci\u00f3n y detenci\u00f3n de dos personas en el vecino estado de Quer\u00e9taro,<\/p>\n","protected":false},"author":1,"featured_media":0,"comment_status":"open","ping_status":"open","sticky":false,"template":"","format":"standard","meta":{"footnotes":""},"categories":[3],"tags":[],"class_list":["post-7225","post","type-post","status-publish","format-standard","hentry","category-gobierno-del-estado-de-michoacan"],"_links":{"self":[{"href":"https:\/\/radiowebmx.com\/nota\/wp-json\/wp\/v2\/posts\/7225","targetHints":{"allow":["GET"]}}],"collection":[{"href":"https:\/\/radiowebmx.com\/nota\/wp-json\/wp\/v2\/posts"}],"about":[{"href":"https:\/\/radiowebmx.com\/nota\/wp-json\/wp\/v2\/types\/post"}],"author":[{"embeddable":true,"href":"https:\/\/radiowebmx.com\/nota\/wp-json\/wp\/v2\/users\/1"}],"replies":[{"embeddable":true,"href":"https:\/\/radiowebmx.com\/nota\/wp-json\/wp\/v2\/comments?post=7225"}],"version-history":[{"count":1,"href":"https:\/\/radiowebmx.com\/nota\/wp-json\/wp\/v2\/posts\/7225\/revisions"}],"predecessor-version":[{"id":7226,"href":"https:\/\/radiowebmx.com\/nota\/wp-json\/wp\/v2\/posts\/7225\/revisions\/7226"}],"wp:attachment":[{"href":"https:\/\/radiowebmx.com\/nota\/wp-json\/wp\/v2\/media?parent=7225"}],"wp:term":[{"taxonomy":"category","embeddable":true,"href":"https:\/\/radiowebmx.com\/nota\/wp-json\/wp\/v2\/categories?post=7225"},{"taxonomy":"post_tag","embeddable":true,"href":"https:\/\/radiowebmx.com\/nota\/wp-json\/wp\/v2\/tags?post=7225"}],"curies":[{"name":"wp","href":"https:\/\/api.w.org\/{rel}","templated":true}]}}