{"id":7221,"date":"2014-05-26T10:54:03","date_gmt":"2014-05-26T15:54:03","guid":{"rendered":"https:\/\/radiowebmx.com\/nota\/?p=7221"},"modified":"2014-05-26T10:54:03","modified_gmt":"2014-05-26T15:54:03","slug":"el-trabajo-coordinado-y-la-unidad-fortalezas-del-prd-rumbo-al-2015-prieto","status":"publish","type":"post","link":"https:\/\/radiowebmx.com\/nota\/el-trabajo-coordinado-y-la-unidad-fortalezas-del-prd-rumbo-al-2015-prieto\/","title":{"rendered":"EL TRABAJO COORDINADO Y LA UNIDAD, FORTALEZAS DEL PRD RUMBO AL 2015: PRIETO"},"content":{"rendered":"<p><a href=\"https:\/\/radiowebmx.com\/nota\/wp-content\/uploads\/2014\/05\/IMG-20140401-WA0000.jpg\"><img loading=\"lazy\" decoding=\"async\" class=\"alignleft size-full wp-image-7222\" alt=\"IMG-20140401-WA0000\" src=\"https:\/\/radiowebmx.com\/nota\/wp-content\/uploads\/2014\/05\/IMG-20140401-WA0000.jpg\" width=\"591\" height=\"332\" srcset=\"https:\/\/radiowebmx.com\/nota\/wp-content\/uploads\/2014\/05\/IMG-20140401-WA0000.jpg 591w, https:\/\/radiowebmx.com\/nota\/wp-content\/uploads\/2014\/05\/IMG-20140401-WA0000-300x168.jpg 300w, https:\/\/radiowebmx.com\/nota\/wp-content\/uploads\/2014\/05\/IMG-20140401-WA0000-128x72.jpg 128w\" sizes=\"auto, (max-width: 591px) 100vw, 591px\" \/><\/a>El dirigente municipal del PRD en Charo, Mauricio Prieto G\u00f3mez, asegur\u00f3 que solo el trabajo coordinado y de unidad, es lo que podr\u00e1 beneficiar al PRD para obtener buenos resultados en las elecciones del 2015.<\/p>\n<p>&nbsp;<\/p>\n<p>El l\u00edder perredista realiz\u00f3 un recorrido por los municipios de Tuzantla y Tiquicheo con el objetivo de trabajar para fortalecer las estructuras municipales, desde donde se gestan los triunfos y las derrotas, pues el trabajo de tierra es de suma importancia en las contiendas electorales.<\/p>\n<p>&nbsp;<\/p>\n<p>\u201cYo estoy saliendo a visitar a los militantes, me reun\u00ed con m\u00e1s de 200 el fin de semana para sembrar en ellos el esp\u00edritu de trabajo en pro del PRD, pero que venga acompa\u00f1ado con la idea dela unidad interna para irnos fortaleciendo rumbo a las elecciones del 2015\u201d.<\/p>\n<p>&nbsp;<\/p>\n<p>El ex diputado local se\u00f1al\u00f3 que existen municipios muy abandonados por los anteriores l\u00edderes del Partido de la Revoluci\u00f3n Democr\u00e1tica, y que ahora, bajo la renovaci\u00f3n de la dirigencia, es momento de salir a motivar a los militantes y a sus allegados para ganar simpat\u00edas.<\/p>\n<p>&nbsp;<\/p>\n<p>Prieto G\u00f3mez indic\u00f3 que el 2015 es el momento en el que el PRD recupere su fuerza y alcance nuevamente la gubernatura de Michoac\u00e1n, mayor\u00eda en las alcald\u00edas, diputaciones locales y federales, pues con esto se recolocar\u00edan como primera fuerza pol\u00edtica en el estado.<\/p>\n<p>&nbsp;<\/p>\n<p>\u201cNo podemos permitir m\u00e1s derrotas electorales, estamos en el tiempo justo para trabajar y salir a la elecci\u00f3n del siguiente a\u00f1o como un partido ganador, de lucha, fuerte y con una militancia s\u00f3lida que respalda a sus candidatos\u201d.<\/p>\n<p>&nbsp;<\/p>\n<p>Para finalizar, Mauricio Prieto G\u00f3mez adelant\u00f3 que seguir\u00e1 recorriendo los municipios de su zona y del estado, con la finalidad de dar marcha a la actividad y el trabajo de los militantes hacia el 2015.<\/p>\n","protected":false},"excerpt":{"rendered":"<p>El dirigente municipal del PRD en Charo, Mauricio Prieto G\u00f3mez, asegur\u00f3 que solo el trabajo coordinado y de unidad, es lo que podr\u00e1 beneficiar al PRD para obtener buenos resultados en las elecciones del 2015.<\/p>\n","protected":false},"author":1,"featured_media":7222,"comment_status":"open","ping_status":"open","sticky":false,"template":"","format":"standard","meta":{"footnotes":""},"categories":[14,3],"tags":[],"class_list":["post-7221","post","type-post","status-publish","format-standard","has-post-thumbnail","hentry","category-destacadas","category-gobierno-del-estado-de-michoacan"],"_links":{"self":[{"href":"https:\/\/radiowebmx.com\/nota\/wp-json\/wp\/v2\/posts\/7221","targetHints":{"allow":["GET"]}}],"collection":[{"href":"https:\/\/radiowebmx.com\/nota\/wp-json\/wp\/v2\/posts"}],"about":[{"href":"https:\/\/radiowebmx.com\/nota\/wp-json\/wp\/v2\/types\/post"}],"author":[{"embeddable":true,"href":"https:\/\/radiowebmx.com\/nota\/wp-json\/wp\/v2\/users\/1"}],"replies":[{"embeddable":true,"href":"https:\/\/radiowebmx.com\/nota\/wp-json\/wp\/v2\/comments?post=7221"}],"version-history":[{"count":2,"href":"https:\/\/radiowebmx.com\/nota\/wp-json\/wp\/v2\/posts\/7221\/revisions"}],"predecessor-version":[{"id":7224,"href":"https:\/\/radiowebmx.com\/nota\/wp-json\/wp\/v2\/posts\/7221\/revisions\/7224"}],"wp:featuredmedia":[{"embeddable":true,"href":"https:\/\/radiowebmx.com\/nota\/wp-json\/wp\/v2\/media\/7222"}],"wp:attachment":[{"href":"https:\/\/radiowebmx.com\/nota\/wp-json\/wp\/v2\/media?parent=7221"}],"wp:term":[{"taxonomy":"category","embeddable":true,"href":"https:\/\/radiowebmx.com\/nota\/wp-json\/wp\/v2\/categories?post=7221"},{"taxonomy":"post_tag","embeddable":true,"href":"https:\/\/radiowebmx.com\/nota\/wp-json\/wp\/v2\/tags?post=7221"}],"curies":[{"name":"wp","href":"https:\/\/api.w.org\/{rel}","templated":true}]}}