{"id":7214,"date":"2014-05-23T13:16:41","date_gmt":"2014-05-23T18:16:41","guid":{"rendered":"https:\/\/radiowebmx.com\/nota\/?p=7214"},"modified":"2014-05-23T13:16:41","modified_gmt":"2014-05-23T18:16:41","slug":"michoacan-esta-de-pie-epn","status":"publish","type":"post","link":"https:\/\/radiowebmx.com\/nota\/michoacan-esta-de-pie-epn\/","title":{"rendered":"MICHOAC\u00c1N EST\u00c1 DE PIE: EPN"},"content":{"rendered":"<p>Michoac\u00e1n est\u00e1 de pie, su gente quiere paz y orden, desarrollo y progreso, y aqu\u00ed estamos como gobierno coadyuvando y apoyando este esfuerzo colectivo de los michoacanos; sepan que tienen en el presidente Enrique Pe\u00f1a Nieto un aliado y pueden contar con \u00e9l en todo momento; afirm\u00f3 el jefe del Ejecutivo federal, en su gira de trabajo a nuestra entidad donde cumpli\u00f3 uno de sus compromisos al instalar la Comisi\u00f3n Cuenca de Tierra Caliente.<\/p>\n<p>Esta Comisi\u00f3n, que de inicio recibir\u00e1 recursos por 780 millones de pesos para infraestructura hidr\u00e1ulica, favorecer\u00e1 a m\u00e1s de 901 mil habitantes al acercarles condiciones que propicien el desarrollo agropecuario, ya que se liberar\u00e1n caudales de agua del sistema Cutzamala para que la regi\u00f3n perciba en una primera etapa 100 millones de metros c\u00fabicos de agua.<\/p>\n<p>Al encabezar con el mandatario federal el establecimiento oficial de este \u00f3rgano que viene a hacerle justicia a los productores de esta importante regi\u00f3n de la entidad, el gobernador Fausto Vallejo Figueroa agradeci\u00f3 la visita del presidente de la Rep\u00fablica que viene \u201cno a tomarse la foto, sino a cumplir con su palabra\u201d.<\/p>\n<p>Vallejo Figueroa asever\u00f3 que Michoac\u00e1n no es un estado fallido, pues con la alianza de la Federaci\u00f3n y la participaci\u00f3n de sus habitantes, se est\u00e1n fortaleciendo las instituciones.<\/p>\n<p>\u201cDurante mi campa\u00f1a ve\u00edamos ya los aspectos de inconsistencias en las finanzas y en la seguridad, y dec\u00eda que Michoac\u00e1n merec\u00eda respeto, pero usted nos viene a dar no s\u00f3lo respeto, sino tambi\u00e9n a estimular, nos viene a dar dignidad y eso no tiene precio\u201d, dijo el gobernador a Pe\u00f1a Nieto.<\/p>\n<p>Vallejo Figueroa recalc\u00f3 que nuestro Estado tambi\u00e9n merece recuperar uno de los primeros sitios a nivel nacional, pues es en esta tierra donde naci\u00f3 la Patria, aqu\u00ed se dio la Constituci\u00f3n de Apatzing\u00e1n y el Supremo Tribunal de Justicia, es aqu\u00ed donde se genera gran parte de la electricidad que se distribuye en el pa\u00eds a trav\u00e9s de la Presa Infiernillo, de donde se alimenta del l\u00edquido vital al Cutzamala, su aportaci\u00f3n hist\u00f3rica, arquitect\u00f3nica, cultural y tur\u00edstica nos hace un estado excepcional y \u201custed obviamente nos viene a regresar la paz y la tranquilidad\u201d.<\/p>\n<p>Agreg\u00f3 que se avanza en la paz y la tranquilidad y ello tambi\u00e9n, dijo, de la mano del secretario de Gobernaci\u00f3n, Miguel \u00c1ngel Osorio Chong, quien con esta gira en la que acompa\u00f1a al presidente, cumple 14 visitas a Michoac\u00e1n para coordinar las acciones del Plan Michoac\u00e1n.<\/p>\n<p>El mandatario michoacano record\u00f3 que en 1960 el presidente Adolfo L\u00f3pez Mateos, cre\u00f3 la Comisi\u00f3n del Balsas-Tepalcatepec y esta reactivaci\u00f3n va beneficiar a pr\u00e1cticamente la quinta parte de la poblaci\u00f3n de Michoac\u00e1n.<\/p>\n<p>Finalmente, Fausto Vallejo asent\u00f3 que s\u00ed se est\u00e1 avanzando en el tema de seguridad, y muestra de ello, es la visita del jefe de las fuerzas federales al coraz\u00f3n de uno de los lugares donde hab\u00eda m\u00e1s problemas: Tepalcatepec y que aqu\u00ed sea reconocido por los michoacanos.<\/p>\n<p>En su mensaje a los terracalentanos, el presidente Enrique Pe\u00f1a manifest\u00f3 que a 104 d\u00edas de iniciado el Plan Michoac\u00e1n, viene a refrendar y comprometer acciones gubernamentales para respaldar a los michoacanos y reconoci\u00f3 que si bien el tema de seguridad es el m\u00e1s sensible, \u201cno hemos cantado victoria pero venimos avanzando\u201d.<\/p>\n<p>En este sentido, asever\u00f3 que para garantizar las condiciones de seguridad, su gobierno tambi\u00e9n le apuesta a abrir a la poblaci\u00f3n el camino para que tenga oportunidad de desarrollo individual, de ah\u00ed la creaci\u00f3n de este \u00f3rgano regulador para los usuarios de los distritos de riego, a fin de que esta regi\u00f3n acceda a m\u00e1s agua que estaba destinada a otro fin.<\/p>\n<p>En este a\u00f1o que se conmemora un suceso importante en espec\u00edfico en Apatzing\u00e1n, Pe\u00f1a Nieto propuso denominar a esta Comisi\u00f3n, Cuenca de la Constituci\u00f3n de Apatzing\u00e1n de 1814.<\/p>\n<p>El jefe del Ejecutivo federal aprovech\u00f3 para hacer un reconocimiento a los michoacanos que hace poco m\u00e1s de un a\u00f1o se levantaron por regresar la tranquilidad a sus hogares y que hoy de manera voluntaria y leg\u00edtima, han decidido formar parte de las fuerzas rurales, para participar en dar seguridad a Michoac\u00e1n. As\u00ed tambi\u00e9n, destac\u00f3 el esfuerzo de las mujeres michoacanas en la transformaci\u00f3n de Michoac\u00e1n.<\/p>\n<p><b>\u00a0<\/b><\/p>\n<p><b>M\u00c1S DE 780 MDP EN OBRA HIDRA\u00daLICA<\/b><\/p>\n<p>En este acto el director general de la Comisi\u00f3n Nacional del Agua, David Korenfeld Federman, inform\u00f3 que ser\u00e1n m\u00e1s de 780 millones de pesos los que se destinar\u00e1n a la entidad en infraestructura hidr\u00e1ulica, como parte del Plan Michoac\u00e1n, lo que garantizar\u00e1 iniciar esfuerzos en la modernizaci\u00f3n de uno de los usos del recurso h\u00eddrico de mayor importancia, el agr\u00edcola. Parte de este recurso, se destinar\u00e1 a la construcci\u00f3n de la presa Chihuero en el municipio de Huetamo, que es una de las gestiones del gobernador Fausto Vallejo.<\/p>\n<p>Detall\u00f3 que la regi\u00f3n Tierra Caliente representa el 7.3 por ciento de la superficie de riego del pa\u00eds con 8 distritos en operaci\u00f3n, por lo que esta Comisi\u00f3n permitir\u00e1 incrementar la producci\u00f3n de alimentos y la participaci\u00f3n ciudadana, \u201cgarantizar\u00e1 a todos los habitantes salir adelante con proyectos que pongan en alto el nombre de Michoac\u00e1n y M\u00e9xico\u201d.<\/p>\n<p>De manera inicial y luego de que el presidente Pe\u00f1a Nieto entregara al gobernador Vallejo Figueroa el primer t\u00edtulo, se liberar\u00e1n 100 millones de metros c\u00fabicos; pero la intenci\u00f3n, resalt\u00f3, es que Michoac\u00e1n cuente con 380 millones de metros c\u00fabicos m\u00e1s de agua para el desarrollo de m\u00faltiples proyectos productivos.<\/p>\n","protected":false},"excerpt":{"rendered":"<p>Michoac\u00e1n est\u00e1 de pie, su gente quiere paz y orden, desarrollo y progreso, y aqu\u00ed estamos como gobierno coadyuvando y apoyando este esfuerzo colectivo de los michoacanos; <\/p>\n","protected":false},"author":1,"featured_media":0,"comment_status":"open","ping_status":"open","sticky":false,"template":"","format":"standard","meta":{"footnotes":""},"categories":[3],"tags":[],"class_list":["post-7214","post","type-post","status-publish","format-standard","hentry","category-gobierno-del-estado-de-michoacan"],"_links":{"self":[{"href":"https:\/\/radiowebmx.com\/nota\/wp-json\/wp\/v2\/posts\/7214","targetHints":{"allow":["GET"]}}],"collection":[{"href":"https:\/\/radiowebmx.com\/nota\/wp-json\/wp\/v2\/posts"}],"about":[{"href":"https:\/\/radiowebmx.com\/nota\/wp-json\/wp\/v2\/types\/post"}],"author":[{"embeddable":true,"href":"https:\/\/radiowebmx.com\/nota\/wp-json\/wp\/v2\/users\/1"}],"replies":[{"embeddable":true,"href":"https:\/\/radiowebmx.com\/nota\/wp-json\/wp\/v2\/comments?post=7214"}],"version-history":[{"count":1,"href":"https:\/\/radiowebmx.com\/nota\/wp-json\/wp\/v2\/posts\/7214\/revisions"}],"predecessor-version":[{"id":7215,"href":"https:\/\/radiowebmx.com\/nota\/wp-json\/wp\/v2\/posts\/7214\/revisions\/7215"}],"wp:attachment":[{"href":"https:\/\/radiowebmx.com\/nota\/wp-json\/wp\/v2\/media?parent=7214"}],"wp:term":[{"taxonomy":"category","embeddable":true,"href":"https:\/\/radiowebmx.com\/nota\/wp-json\/wp\/v2\/categories?post=7214"},{"taxonomy":"post_tag","embeddable":true,"href":"https:\/\/radiowebmx.com\/nota\/wp-json\/wp\/v2\/tags?post=7214"}],"curies":[{"name":"wp","href":"https:\/\/api.w.org\/{rel}","templated":true}]}}