{"id":7208,"date":"2014-05-23T13:11:57","date_gmt":"2014-05-23T18:11:57","guid":{"rendered":"https:\/\/radiowebmx.com\/nota\/?p=7208"},"modified":"2014-05-23T13:11:57","modified_gmt":"2014-05-23T18:11:57","slug":"llegan-recursos-de-la-stps-a-municipios-de-las-regiones-morelia-y-cienega-de-chapala","status":"publish","type":"post","link":"https:\/\/radiowebmx.com\/nota\/llegan-recursos-de-la-stps-a-municipios-de-las-regiones-morelia-y-cienega-de-chapala\/","title":{"rendered":"LLEGAN RECURSOS DE LA STPS A MUNICIPIOS DE LAS REGIONES MORELIA Y CI\u00c9NEGA DE CHAPALA"},"content":{"rendered":"<p>La subsecretaria de Empleo y Productividad Laboral, Patricia Mart\u00ednez Cranss, realiz\u00f3 una gira de trabajo a municipios de Michoac\u00e1n donde clausur\u00f3 6 cursos de capacitaci\u00f3n, inaugur\u00f3 la Feria del Empleo en Jacona, entreg\u00f3 becas para capacitaci\u00f3n laboral, acciones que la Secretar\u00eda del Trabajo y Previsi\u00f3n Social realiza en el marco del Plan Michoac\u00e1n.<\/p>\n<p>&nbsp;<\/p>\n<p>En compa\u00f1\u00eda del secretario de Desarrollo Econ\u00f3mico de la entidad, Manuel Ant\u00fanez \u00c1lvarez; del coordinador general del Servicio Nacional de Empleo, H\u00e9ctor Oswaldo Mu\u00f1oz Osc\u00f3s, y el director del SNE en Michoac\u00e1n, Rodolfo Camacho Ceballos, la funcionaria de la STPS inaugur\u00f3 la primer Feria de Empleo de Jacona 2014, entreg\u00f3 tarjetas de apoyo econ\u00f3mico a beneficiarios de becas para capacitaci\u00f3n laboral y supervis\u00f3 algunas Iniciativas de Ocupaci\u00f3n por Cuenta Propia (IOCP).<\/p>\n<p>&nbsp;<\/p>\n<p>La funcionaria federal indic\u00f3 que para fortalecer las acciones en materia de empleo en el estado, se han llevado a cabo 9 ferias en lo que va del a\u00f1o, en los municipios de P\u00e1tzcuaro, Zit\u00e1cuaro, Cd. Hidalgo, La Piedad, L\u00e1zaro C\u00e1rdenas, Morelia, Uruapan y Zamora. En los 9 eventos se han exhibido 6 mil 96 vacantes y se atendi\u00f3 a m\u00e1s de 7 mil 550 buscadores de empleo.<\/p>\n<p>&nbsp;<\/p>\n<p>En la Feria de Empleo de Jacona, en la que la subsecretaria federal estuvo acompa\u00f1ada tambi\u00e9n por el presidente municipal, Mart\u00edn Arredondo Delgado, se ofertaron 722 vacantes ofrecidas por 23 empresas. Mart\u00ednez Cranss destac\u00f3 que estas acciones son parte del \u201cPlan Michoac\u00e1n, Juntos lo Vamos a Lograr\u201d, anunciado por el presidente, Enrique Pe\u00f1a Nieto.<\/p>\n<p>&nbsp;<\/p>\n<p>Mencion\u00f3 que a trav\u00e9s del Servicio Nacional de Empleo, que opera la bolsa de colocaciones m\u00e1s importante en el pa\u00eds de forma gratuita, la STPS va a destinar este a\u00f1o 42 millones de pesos en las distintas acciones que la Secretar\u00eda va a implementar en Michoac\u00e1n en Ferias de Empleo y en cursos de capacitaci\u00f3n, para que los michoacanos tengan la posibilidad de colocarse en un empleo formal o autoemplearse.<\/p>\n<p>&nbsp;<\/p>\n<p>Durante esta gira, la cual incluy\u00f3 los municipios de Chilchota, Tangamandapio y Tanganc\u00edcuaro, se clausuraron 6 cursos en las especialidades de Reposter\u00eda, Aplicaci\u00f3n y Decoraci\u00f3n de U\u00f1as, Bisuter\u00eda e Industrializaci\u00f3n de Alimentos, favoreciendo a 150 beneficiarios por un monto de 346 mil 710 pesos. Adem\u00e1s, se entregaron dos Actas de Liberaci\u00f3n de Bienes a las Iniciativas: Loncher\u00eda Ch\u00e1vez y Cl\u00ednica Dental Ru\u00edz, beneficiando a un total de 3 personas, por un monto de 70 mil 62 pesos.<\/p>\n<p>&nbsp;<\/p>\n<p>Asimismo, en el municipio de Zamora supervis\u00f3 que los proyectos productivos que se entregaron a beneficiarios anteriormente est\u00e9n siendo productivos. Para finalizar, en \u00a0Morelia, se hizo entrega de 10 Actas en Propiedad de IOCP, que se llev\u00f3 a cabo en la sala de CEXPORTA de la Secretar\u00eda de Desarrollo Econ\u00f3mico.<\/p>\n<p>&nbsp;<\/p>\n","protected":false},"excerpt":{"rendered":"<p>La subsecretaria de Empleo y Productividad Laboral, Patricia Mart\u00ednez Cranss, realiz\u00f3 una gira de trabajo a municipios de Michoac\u00e1n donde clausur\u00f3 6 cursos de capacitaci\u00f3n, inaugur\u00f3 la Feria del Empleo en Jacona,<\/p>\n","protected":false},"author":1,"featured_media":0,"comment_status":"open","ping_status":"open","sticky":false,"template":"","format":"standard","meta":{"footnotes":""},"categories":[3],"tags":[],"class_list":["post-7208","post","type-post","status-publish","format-standard","hentry","category-gobierno-del-estado-de-michoacan"],"_links":{"self":[{"href":"https:\/\/radiowebmx.com\/nota\/wp-json\/wp\/v2\/posts\/7208","targetHints":{"allow":["GET"]}}],"collection":[{"href":"https:\/\/radiowebmx.com\/nota\/wp-json\/wp\/v2\/posts"}],"about":[{"href":"https:\/\/radiowebmx.com\/nota\/wp-json\/wp\/v2\/types\/post"}],"author":[{"embeddable":true,"href":"https:\/\/radiowebmx.com\/nota\/wp-json\/wp\/v2\/users\/1"}],"replies":[{"embeddable":true,"href":"https:\/\/radiowebmx.com\/nota\/wp-json\/wp\/v2\/comments?post=7208"}],"version-history":[{"count":1,"href":"https:\/\/radiowebmx.com\/nota\/wp-json\/wp\/v2\/posts\/7208\/revisions"}],"predecessor-version":[{"id":7210,"href":"https:\/\/radiowebmx.com\/nota\/wp-json\/wp\/v2\/posts\/7208\/revisions\/7210"}],"wp:attachment":[{"href":"https:\/\/radiowebmx.com\/nota\/wp-json\/wp\/v2\/media?parent=7208"}],"wp:term":[{"taxonomy":"category","embeddable":true,"href":"https:\/\/radiowebmx.com\/nota\/wp-json\/wp\/v2\/categories?post=7208"},{"taxonomy":"post_tag","embeddable":true,"href":"https:\/\/radiowebmx.com\/nota\/wp-json\/wp\/v2\/tags?post=7208"}],"curies":[{"name":"wp","href":"https:\/\/api.w.org\/{rel}","templated":true}]}}