{"id":71982,"date":"2025-03-18T21:19:14","date_gmt":"2025-03-19T03:19:14","guid":{"rendered":"https:\/\/radiowebmx.com\/nota\/?p=71982"},"modified":"2025-03-18T21:19:18","modified_gmt":"2025-03-19T03:19:18","slug":"ya-viene-la-primavera-ceconexpo-te-invita-a-recibirla-con-yoga-y-picnic-norteno","status":"publish","type":"post","link":"https:\/\/radiowebmx.com\/nota\/ya-viene-la-primavera-ceconexpo-te-invita-a-recibirla-con-yoga-y-picnic-norteno\/","title":{"rendered":"\u00a1Ya viene la primavera! Ceconexpo te invita a recibirla con yoga y picnic norte\u00f1o"},"content":{"rendered":"\n<p><strong>Pr\u00f3ximo 21 de marzo, actividades gratuitas y para toda la familia<\/strong><\/p>\n\n\n\n<p>     Morelia, Michoac\u00e1n, 18 de marzo de 2025.- Prep\u00e1rate para recibir la primavera con una experiencia diferente, el pr\u00f3ximo viernes 21 de marzo, el Centro de Convenciones y Exposiciones de Morelia (Ceconexpo) te invita a iniciar el d\u00eda con una clase de yoga matutina para que te llenes de energ\u00eda, y por la tarde divi\u00e9rtete con el picnic norte\u00f1o, recuerda que estas actividades son gratuitas y para toda la familia.<\/p>\n\n\n\n<p>     El viernes 21 de marzo, a las 8:00 horas, en el jard\u00edn de la explanada del Teatro Morelos se realizar\u00e1 una sesi\u00f3n de yoga al aire libre. La clase ser\u00e1 guiada por el profesor de yoga registrado, Marco David C\u00e1zares, dise\u00f1ada para todos los niveles, no importa si nunca la has practicado, solo necesitas llegar puntual, traer tu tapete y una botella de agua, por si necesitas.<\/p>\n\n\n\n<figure class=\"wp-block-image size-full is-resized\"><a href=\"https:\/\/radiowebmx.com\/nota\/wp-content\/uploads\/2025\/03\/image-35.png\"><img loading=\"lazy\" decoding=\"async\" width=\"709\" height=\"506\" src=\"https:\/\/radiowebmx.com\/nota\/wp-content\/uploads\/2025\/03\/image-35.png\" alt=\"\" class=\"wp-image-71983\" style=\"aspect-ratio:1.401185770750988;width:284px;height:auto\" srcset=\"https:\/\/radiowebmx.com\/nota\/wp-content\/uploads\/2025\/03\/image-35.png 709w, https:\/\/radiowebmx.com\/nota\/wp-content\/uploads\/2025\/03\/image-35-595x425.png 595w\" sizes=\"auto, (max-width: 709px) 100vw, 709px\" \/><\/a><\/figure>\n\n\n\n<p>      Al caer la tarde, a las 19:00 horas, el ambiente se transformar\u00e1 en una vibrante fiesta con la d\u00e9cimo tercera edici\u00f3n del picnic, ahora con tem\u00e1tica norte\u00f1a. Disfruta de una noche m\u00e1gica con la m\u00fasica en vivo de Carlos Leal y su Fara Fara Time, directamente desde Monterrey, Nuevo Le\u00f3n, llenar\u00e1 el aire con ritmos contagiosos y melod\u00edas que te har\u00e1n bailar.<\/p>\n\n\n\n<p>      Al igual que en ediciones anteriores, los asistentes podr\u00e1n ingresar sus alimentos y bebidas, aunque tambi\u00e9n se dispondr\u00e1n estaciones donde habr\u00e1 a la venta diversas opciones de snacks.<\/p>\n\n\n\n<p>      \u201cTenemos este par de actividades gratuitas para toda la familia, sabemos que despu\u00e9s del centro hist\u00f3rico en la capital michoacana, somos el recinto con mayor visitas, por ello estamos organizando estos eventos y fomentando especialmente la conviviencia familiar, como lo ha instru\u00eddo el gobernador Alfredo Ram\u00edrez Bedolla\u201d, se\u00f1al\u00f3 Gustavo Mendoza Garc\u00eda, director general del Ceconexpo.<\/p>\n","protected":false},"excerpt":{"rendered":"<p>Pr\u00f3ximo 21 de marzo, actividades gratuitas y para toda la familia Morelia, Michoac\u00e1n, 18 de marzo de 2025.- Prep\u00e1rate para recibir la primavera con una experiencia diferente, el pr\u00f3ximo viernes 21 de marzo, el Centro de Convenciones y Exposiciones de Morelia (Ceconexpo) te invita a iniciar el d\u00eda con una clase de yoga matutina para [&hellip;]<\/p>\n","protected":false},"author":2,"featured_media":71984,"comment_status":"closed","ping_status":"closed","sticky":false,"template":"","format":"standard","meta":{"footnotes":""},"categories":[14],"tags":[],"class_list":["post-71982","post","type-post","status-publish","format-standard","has-post-thumbnail","hentry","category-destacadas"],"_links":{"self":[{"href":"https:\/\/radiowebmx.com\/nota\/wp-json\/wp\/v2\/posts\/71982","targetHints":{"allow":["GET"]}}],"collection":[{"href":"https:\/\/radiowebmx.com\/nota\/wp-json\/wp\/v2\/posts"}],"about":[{"href":"https:\/\/radiowebmx.com\/nota\/wp-json\/wp\/v2\/types\/post"}],"author":[{"embeddable":true,"href":"https:\/\/radiowebmx.com\/nota\/wp-json\/wp\/v2\/users\/2"}],"replies":[{"embeddable":true,"href":"https:\/\/radiowebmx.com\/nota\/wp-json\/wp\/v2\/comments?post=71982"}],"version-history":[{"count":1,"href":"https:\/\/radiowebmx.com\/nota\/wp-json\/wp\/v2\/posts\/71982\/revisions"}],"predecessor-version":[{"id":71985,"href":"https:\/\/radiowebmx.com\/nota\/wp-json\/wp\/v2\/posts\/71982\/revisions\/71985"}],"wp:featuredmedia":[{"embeddable":true,"href":"https:\/\/radiowebmx.com\/nota\/wp-json\/wp\/v2\/media\/71984"}],"wp:attachment":[{"href":"https:\/\/radiowebmx.com\/nota\/wp-json\/wp\/v2\/media?parent=71982"}],"wp:term":[{"taxonomy":"category","embeddable":true,"href":"https:\/\/radiowebmx.com\/nota\/wp-json\/wp\/v2\/categories?post=71982"},{"taxonomy":"post_tag","embeddable":true,"href":"https:\/\/radiowebmx.com\/nota\/wp-json\/wp\/v2\/tags?post=71982"}],"curies":[{"name":"wp","href":"https:\/\/api.w.org\/{rel}","templated":true}]}}