{"id":7197,"date":"2014-05-23T12:23:16","date_gmt":"2014-05-23T17:23:16","guid":{"rendered":"https:\/\/radiowebmx.com\/nota\/?p=7197"},"modified":"2014-05-23T12:23:16","modified_gmt":"2014-05-23T17:23:16","slug":"servidores-publicos-afinan-detalles-sobre-criterios-para-cumplir-obligaciones-de-acceso-a-la-informacion","status":"publish","type":"post","link":"https:\/\/radiowebmx.com\/nota\/servidores-publicos-afinan-detalles-sobre-criterios-para-cumplir-obligaciones-de-acceso-a-la-informacion\/","title":{"rendered":"SERVIDORES P\u00daBLICOS AFINAN DETALLES SOBRE CRITERIOS PARA CUMPLIR OBLIGACIONES DE ACCESO A LA INFORMACI\u00d3N"},"content":{"rendered":"<p><a href=\"https:\/\/radiowebmx.com\/nota\/wp-content\/uploads\/2014\/05\/Acceso01.jpg\"><img loading=\"lazy\" decoding=\"async\" class=\"alignleft size-full wp-image-7198\" alt=\"Acceso01\" src=\"https:\/\/radiowebmx.com\/nota\/wp-content\/uploads\/2014\/05\/Acceso01.jpg\" width=\"591\" height=\"270\" srcset=\"https:\/\/radiowebmx.com\/nota\/wp-content\/uploads\/2014\/05\/Acceso01.jpg 591w, https:\/\/radiowebmx.com\/nota\/wp-content\/uploads\/2014\/05\/Acceso01-300x137.jpg 300w\" sizes=\"auto, (max-width: 591px) 100vw, 591px\" \/><\/a>Con la finalidad de afinar los criterios para el cumplimiento de las obligaciones que el Gobierno del Estado tiene con la ciudadan\u00eda en materia de trasparencia y acceso a la informaci\u00f3n p\u00fablica, el encargado de la Secretar\u00eda de Gobierno, Marco Vinicio Aguilera Garibay, por conducto de la Secretar\u00eda T\u00e9cnica y de la Direcci\u00f3n de Transparencia y Acceso a la Informaci\u00f3n, convoc\u00f3 a una reuni\u00f3n de trabajo con los secretarios t\u00e9cnicos y encargados de esta \u00e1rea de las dependencias y entidades de la administraci\u00f3n p\u00fablica estatal.<\/p>\n<p>&nbsp;<\/p>\n<p>Para tal efecto, el secretario T\u00e9cnico de la Secretar\u00eda de Gobierno, Edgar Bravo Avellaneda, con la representaci\u00f3n del encargado del despacho de la Secretar\u00eda de Gobierno, dio la bienvenida a m\u00e1s de 120 servidores p\u00fablicos que durante la ma\u00f1ana de este d\u00eda, recibieron capacitaci\u00f3n sobre los criterios de respuesta y la forma en que habr\u00e1 de presentarse \u00e9sta al solicitante.<\/p>\n<p>&nbsp;<\/p>\n<p>Durante el acto inaugural, Bravo Avellaneda envi\u00f3 un mensaje del encargado de la pol\u00edtica interna del estado, en el sentido del compromiso que tiene el gobierno que encabeza Fausto Vallejo Figueroa con la transparencia, as\u00ed como la garant\u00eda que ofrece el Ejecutivo en el libre ejercicio al derecho al acceso a la informaci\u00f3n y a la protecci\u00f3n de datos, motivo por el cual, dijo, es fundamental la constante capacitaci\u00f3n de los servidores p\u00fablicos estatales en la materia.<\/p>\n<p>&nbsp;<\/p>\n<p>\u201cSabemos que tenemos que cumplir con la Ley vigente en el estado, hoy, despu\u00e9s de esta importante capacitaci\u00f3n est\u00e1 perfectamente definido el c\u00f3mo, con qu\u00e9 mecanismos y de qu\u00e9 manera se debe cumplir con esta obligaci\u00f3n, solo exist\u00edan algunos detalles que se pretenden pulir\u201d, complement\u00f3.<\/p>\n<p>&nbsp;<\/p>\n<p>Durante la sesi\u00f3n de trabajo, los funcionarios estatales escucharon atentos las ponencias preparadas por la Direcci\u00f3n de Transparencia y Acceso a la Informaci\u00f3n que encabeza, Merced Orrostieta Aguirre, sobre tem\u00e1ticas diversas relacionadas con el \u00e1mbito normativo, la Ley, el reglamento, y el acta, entre otros.<\/p>\n<p>&nbsp;<\/p>\n<p>En este sentido, qued\u00f3 claro que el ente obligado para dar respuesta a las peticiones de la sociedad es el Ejecutivo como tal, no cada dependencia, partiendo de eso, se tiene a la Direcci\u00f3n de Transparencia y Acceso a la Informaci\u00f3n como la responsable de hacer frente a esta obligaci\u00f3n, toda vez que existe un sistema y lineamientos debidamente instrumentados para este fin.<\/p>\n<p>\u201cA trav\u00e9s de este sistema, ofrecemos a los ciudadanos la posibilidad de que conozcan toda la informaci\u00f3n que de oficio estamos obligados a proporcionar\u201d, concluy\u00f3 Edgar Bravo.<\/p>\n<p>&nbsp;<\/p>\n<p>Para cerrar esta jornada de trabajo, la consejera del Instituto de Transparencia y Acceso a la Informaci\u00f3n P\u00fablica del Estado de Michoac\u00e1n (ITAIMICH), Irma Nora Valencia Vargas, ofreci\u00f3 una conferencia para complementar la tem\u00e1tica.<\/p>\n","protected":false},"excerpt":{"rendered":"<p>Con la finalidad de afinar los criterios para el cumplimiento de las obligaciones que el Gobierno del Estado tiene con la ciudadan\u00eda en materia de trasparencia y acceso a la informaci\u00f3n p\u00fablica, el encargado de la Secretar\u00eda de Gobierno,<\/p>\n","protected":false},"author":1,"featured_media":7198,"comment_status":"open","ping_status":"open","sticky":false,"template":"","format":"standard","meta":{"footnotes":""},"categories":[14,3],"tags":[],"class_list":["post-7197","post","type-post","status-publish","format-standard","has-post-thumbnail","hentry","category-destacadas","category-gobierno-del-estado-de-michoacan"],"_links":{"self":[{"href":"https:\/\/radiowebmx.com\/nota\/wp-json\/wp\/v2\/posts\/7197","targetHints":{"allow":["GET"]}}],"collection":[{"href":"https:\/\/radiowebmx.com\/nota\/wp-json\/wp\/v2\/posts"}],"about":[{"href":"https:\/\/radiowebmx.com\/nota\/wp-json\/wp\/v2\/types\/post"}],"author":[{"embeddable":true,"href":"https:\/\/radiowebmx.com\/nota\/wp-json\/wp\/v2\/users\/1"}],"replies":[{"embeddable":true,"href":"https:\/\/radiowebmx.com\/nota\/wp-json\/wp\/v2\/comments?post=7197"}],"version-history":[{"count":2,"href":"https:\/\/radiowebmx.com\/nota\/wp-json\/wp\/v2\/posts\/7197\/revisions"}],"predecessor-version":[{"id":7200,"href":"https:\/\/radiowebmx.com\/nota\/wp-json\/wp\/v2\/posts\/7197\/revisions\/7200"}],"wp:featuredmedia":[{"embeddable":true,"href":"https:\/\/radiowebmx.com\/nota\/wp-json\/wp\/v2\/media\/7198"}],"wp:attachment":[{"href":"https:\/\/radiowebmx.com\/nota\/wp-json\/wp\/v2\/media?parent=7197"}],"wp:term":[{"taxonomy":"category","embeddable":true,"href":"https:\/\/radiowebmx.com\/nota\/wp-json\/wp\/v2\/categories?post=7197"},{"taxonomy":"post_tag","embeddable":true,"href":"https:\/\/radiowebmx.com\/nota\/wp-json\/wp\/v2\/tags?post=7197"}],"curies":[{"name":"wp","href":"https:\/\/api.w.org\/{rel}","templated":true}]}}