{"id":7193,"date":"2014-05-23T12:11:30","date_gmt":"2014-05-23T17:11:30","guid":{"rendered":"https:\/\/radiowebmx.com\/nota\/?p=7193"},"modified":"2014-05-23T12:11:30","modified_gmt":"2014-05-23T17:11:30","slug":"inaugura-capa-morelia-jornadas-academicas-por-dia-del-psicologo","status":"publish","type":"post","link":"https:\/\/radiowebmx.com\/nota\/inaugura-capa-morelia-jornadas-academicas-por-dia-del-psicologo\/","title":{"rendered":"INAUGURA CAPA MORELIA JORNADAS ACAD\u00c9MICAS POR D\u00cdA DEL PSIC\u00d3LOGO"},"content":{"rendered":"<p><a href=\"https:\/\/radiowebmx.com\/nota\/wp-content\/uploads\/2014\/05\/IMG_1212.jpg\"><img loading=\"lazy\" decoding=\"async\" class=\"alignleft size-full wp-image-7194\" alt=\"IMG_1212\" src=\"https:\/\/radiowebmx.com\/nota\/wp-content\/uploads\/2014\/05\/IMG_1212.jpg\" width=\"591\" height=\"345\" srcset=\"https:\/\/radiowebmx.com\/nota\/wp-content\/uploads\/2014\/05\/IMG_1212.jpg 591w, https:\/\/radiowebmx.com\/nota\/wp-content\/uploads\/2014\/05\/IMG_1212-300x175.jpg 300w\" sizes=\"auto, (max-width: 591px) 100vw, 591px\" \/><\/a>Como parte de las actividades para conmemorar el D\u00eda del Psic\u00f3logo que se celebra el d\u00eda 20 de mayo, el Centro de Atenci\u00f3n Primaria en Adicciones (CAPA) Morelia de la Secretar\u00eda de Salud en Michoac\u00e1n (SSM), inaugur\u00f3 este jueves las Jornadas Acad\u00e9micas, con las que se busca mejorar a\u00fan m\u00e1s el servicio prestado en estos lugares.<\/p>\n<p>&nbsp;<\/p>\n<p>Durante la inauguraci\u00f3n, Julio Fernando Nocetti Tiznado, director de Servicios de Salud de la SSM, conmin\u00f3 a los asistentes a poner todo su empe\u00f1o y esfuerzo, ya que el intercambio de experiencias que habr\u00e1n de tener y los conocimientos que adquirir\u00e1n ser\u00e1n en beneficio para los pacientes.<\/p>\n<p>&nbsp;<\/p>\n<p>Detall\u00f3 que la psicolog\u00eda ha formado un papel muy importante dentro de la sociedad en la atenci\u00f3n de diferentes aspectos, \u201cse ha penetrado m\u00e1s en el conocimiento del comportamiento humano, ha habido grandes avances, y ustedes tendr\u00e1n de abordar importantes temas y problem\u00e1ticas que son del inter\u00e9s de la sociedad, lo anterior en los diferentes talleres y mesas de trabajo que se instalar\u00e1n\u201d, dijo Nocetti Tiznado.<\/p>\n<p>&nbsp;<\/p>\n<p>A su vez, Daniela G\u00f3mez de la Cueva, coordinadora del CAPA Morelia, extern\u00f3 que hoy en d\u00eda los psic\u00f3logos forman parte del recurso humano esencial para poder brindar una mejor atenci\u00f3n a la poblaci\u00f3n.<\/p>\n<p>&nbsp;<\/p>\n<p>\u201cEs grato escuchar que somos reconocidos como especialistas, que podemos aportar mucho a la salud de un individuo para que \u00e9sta sea integra. Es por ello, que nuestro compromiso debe ser a\u00fan mayor, ya que trabajamos con nuestros semejantes y debido a que nosotros somos nuestra propia herramienta de trabajo debemos as\u00ed mismo buscar nuestra salud integral\u201d, expres\u00f3.<\/p>\n<p>&nbsp;<\/p>\n<p>G\u00f3mez de la Cueva, enfatiz\u00f3 que como Centro de Atenci\u00f3n Primaria de Adicciones buscan trabajar con diversas estrategias que permiten prevenir el consumo de sustancias psicoactivas que cada d\u00eda van siendo un problema m\u00e1s grande dentro de la sociedad.<\/p>\n<p>&nbsp;<\/p>\n<p>En la inauguraci\u00f3n de las Jornadas Acad\u00e9micas por el D\u00eda del Psic\u00f3logo celebradas en el Auditorio del Laboratorio Estatal de Salud P\u00fablica, se cont\u00f3 con la asistencia de Delia L\u00f3pez Baltazar, presidenta del Colegio de Profesionales de la Psicolog\u00eda del Estado de Michoac\u00e1n.<\/p>\n<p>&nbsp;<\/p>\n<p>En dichas Jornadas se llevar\u00e1n a cabo los talleres: La condici\u00f3n humana: retos para crecimiento personal; Introducci\u00f3n a la terapia de pareja; \u00bfD\u00f3nde est\u00e1 pap\u00e1?; Psico-corporal para profesionales de la Salud; Introducci\u00f3n a la grafolog\u00eda, entre otros temas.<\/p>\n","protected":false},"excerpt":{"rendered":"<p>Como parte de las actividades para conmemorar el D\u00eda del Psic\u00f3logo que se celebra el d\u00eda 20 de mayo, el Centro de Atenci\u00f3n Primaria en Adicciones (CAPA) Morelia de la Secretar\u00eda de Salud en Michoac\u00e1n (SSM),<\/p>\n","protected":false},"author":1,"featured_media":7194,"comment_status":"open","ping_status":"open","sticky":false,"template":"","format":"standard","meta":{"footnotes":""},"categories":[14,3],"tags":[],"class_list":["post-7193","post","type-post","status-publish","format-standard","has-post-thumbnail","hentry","category-destacadas","category-gobierno-del-estado-de-michoacan"],"_links":{"self":[{"href":"https:\/\/radiowebmx.com\/nota\/wp-json\/wp\/v2\/posts\/7193","targetHints":{"allow":["GET"]}}],"collection":[{"href":"https:\/\/radiowebmx.com\/nota\/wp-json\/wp\/v2\/posts"}],"about":[{"href":"https:\/\/radiowebmx.com\/nota\/wp-json\/wp\/v2\/types\/post"}],"author":[{"embeddable":true,"href":"https:\/\/radiowebmx.com\/nota\/wp-json\/wp\/v2\/users\/1"}],"replies":[{"embeddable":true,"href":"https:\/\/radiowebmx.com\/nota\/wp-json\/wp\/v2\/comments?post=7193"}],"version-history":[{"count":2,"href":"https:\/\/radiowebmx.com\/nota\/wp-json\/wp\/v2\/posts\/7193\/revisions"}],"predecessor-version":[{"id":7196,"href":"https:\/\/radiowebmx.com\/nota\/wp-json\/wp\/v2\/posts\/7193\/revisions\/7196"}],"wp:featuredmedia":[{"embeddable":true,"href":"https:\/\/radiowebmx.com\/nota\/wp-json\/wp\/v2\/media\/7194"}],"wp:attachment":[{"href":"https:\/\/radiowebmx.com\/nota\/wp-json\/wp\/v2\/media?parent=7193"}],"wp:term":[{"taxonomy":"category","embeddable":true,"href":"https:\/\/radiowebmx.com\/nota\/wp-json\/wp\/v2\/categories?post=7193"},{"taxonomy":"post_tag","embeddable":true,"href":"https:\/\/radiowebmx.com\/nota\/wp-json\/wp\/v2\/tags?post=7193"}],"curies":[{"name":"wp","href":"https:\/\/api.w.org\/{rel}","templated":true}]}}