{"id":7188,"date":"2014-05-23T11:58:24","date_gmt":"2014-05-23T16:58:24","guid":{"rendered":"https:\/\/radiowebmx.com\/nota\/?p=7188"},"modified":"2014-05-23T12:06:17","modified_gmt":"2014-05-23T17:06:17","slug":"dif-michoacan-refuerza-deteccion-del-abuso-sexual-infantil","status":"publish","type":"post","link":"https:\/\/radiowebmx.com\/nota\/dif-michoacan-refuerza-deteccion-del-abuso-sexual-infantil\/","title":{"rendered":"DIF MICHOAC\u00c1N REFUERZA DETECCI\u00d3N DEL ABUSO SEXUAL INFANTIL"},"content":{"rendered":"<p><a href=\"https:\/\/radiowebmx.com\/nota\/wp-content\/uploads\/2014\/05\/DSC5976.jpg\"><img loading=\"lazy\" decoding=\"async\" class=\"alignleft size-full wp-image-7189\" alt=\"_DSC5976\" src=\"https:\/\/radiowebmx.com\/nota\/wp-content\/uploads\/2014\/05\/DSC5976.jpg\" width=\"591\" height=\"289\" srcset=\"https:\/\/radiowebmx.com\/nota\/wp-content\/uploads\/2014\/05\/DSC5976.jpg 591w, https:\/\/radiowebmx.com\/nota\/wp-content\/uploads\/2014\/05\/DSC5976-300x146.jpg 300w\" sizes=\"auto, (max-width: 591px) 100vw, 591px\" \/><\/a>En el marco de la celebraci\u00f3n del D\u00eda del Psic\u00f3logo, el Sistema para el Desarrollo Integral de la Familia (DIF) Michoac\u00e1n, que preside Patricia Mora de Vallejo, mismo que dirige Nelly Sastr\u00e9 Gasca, realiz\u00f3 el taller introductorio del Primer Diplomado &#8220;Diagn\u00f3stico y Tratamiento del Abuso Sexual Infantil&#8221; para psic\u00f3logos y promotores adscritos al departamento de J\u00f3venes y Ni\u00f1os en Riesgo, a la Procuradur\u00eda de la Defensa del Menor y la Familia, y del departamento de Psicolog\u00eda \u00a0de los 113 municipios de la entidad.<\/p>\n<p>Tzitlali Montejano Monroy, titular de la Direcci\u00f3n de Asistencia e Inclusi\u00f3n Social del DIF Estatal, detall\u00f3 que el trabajo coordinado con los Sistemas DIF\u00a0 Municipales \u00a0ha permitido llevar a cabo dicho taller introductorio, con el cual se refrenda el compromiso con la gente vulnerable de la entidad, para ofrecer mejores condiciones de vida en los michoacanos.<\/p>\n<p>En esta ocasi\u00f3n se llevaron a cabo dos conferencias magistrales, una a cargo de Jenifer Herrej\u00f3n Guerrero, \u00a0coordinadora del Programa de Violencia Intrafamiliar Hospital Infantil &#8220;Eva S\u00e1mano de L\u00f3pez&#8221; con el tema &#8220;Situaci\u00f3n Actual del Abuso Sexual Infantil, Retos y Alternativas&#8221;, donde el psic\u00f3logo detecte oportunamente cualquier acto de abuso sexual, con o sin violencia f\u00edsica y\/o emocional.<\/p>\n<p>A su vez, en representaci\u00f3n de Mar\u00eda del Rosario Cortes Zavala, titular de la Procuradur\u00eda de la Defensa del Menor y la Familia\u00a0 del DIF Estatal, la psic\u00f3loga Perla Herbert Aguilar present\u00f3 la ponencia denominada &#8220;Situaci\u00f3n Actual del Abuso Sexual Infantil en el Estado&#8221;, donde enfatiz\u00f3 el alza de casos de abuso sexual y que no se tiene una comunicaci\u00f3n suficiente entre padres e hijos.<\/p>\n<p>Finalmente se llev\u00f3 a cabo el taller &#8220;Sensibilizaci\u00f3n y Manejo de la Sexualidad Infantil&#8221; impartida por la psic\u00f3loga\u00a0 Silvia Loggia, asistente T\u00e9cnica del Comit\u00e9 Promotor por una Maternidad Segura en M\u00e9xico, donde el eje fundamental del taller, es hablar con los padres de familia y concientizarlos sobre el manejo de la informaci\u00f3n en temas de sexualidad desde peque\u00f1os, y de ah\u00ed que los menores puedan reconocer si est\u00e1n en una situaci\u00f3n de riesgo.<b><\/b><\/p>\n<p>Rodolfo Estrada Pantoja, jefe del Departamento de J\u00f3venes y Ni\u00f1os en Riesgo, destac\u00f3 que el Sistema DIF Michoac\u00e1n busca fortalecer los conocimientos en el personal que labora en la dependencia estatal a trav\u00e9s de las diferentes \u00e1reas, fomentando la participaci\u00f3n y motivaci\u00f3n para la superaci\u00f3n personal y profesional.<\/p>\n<p>Es de mencionar que participaron psic\u00f3logos de los cinco Centros de Asistencia para el Desarrollo Infantil (CADI), de la Casa Hogar &#8220;Gertrudis Bocanegra&#8221;, del Centro de Rehabilitaci\u00f3n y Educaci\u00f3n Especial (CREE) y de la Casa Cuna &#8220;Luz Amor y Esperanza&#8221;, adscritos al Sistema DIF Estatal.<\/p>\n","protected":false},"excerpt":{"rendered":"<p>En el marco de la celebraci\u00f3n del D\u00eda del Psic\u00f3logo, el Sistema para el Desarrollo Integral de la Familia (DIF) Michoac\u00e1n, que preside Patricia Mora de Vallejo,<\/p>\n","protected":false},"author":1,"featured_media":7189,"comment_status":"open","ping_status":"open","sticky":false,"template":"","format":"standard","meta":{"footnotes":""},"categories":[14,3],"tags":[],"class_list":["post-7188","post","type-post","status-publish","format-standard","has-post-thumbnail","hentry","category-destacadas","category-gobierno-del-estado-de-michoacan"],"_links":{"self":[{"href":"https:\/\/radiowebmx.com\/nota\/wp-json\/wp\/v2\/posts\/7188","targetHints":{"allow":["GET"]}}],"collection":[{"href":"https:\/\/radiowebmx.com\/nota\/wp-json\/wp\/v2\/posts"}],"about":[{"href":"https:\/\/radiowebmx.com\/nota\/wp-json\/wp\/v2\/types\/post"}],"author":[{"embeddable":true,"href":"https:\/\/radiowebmx.com\/nota\/wp-json\/wp\/v2\/users\/1"}],"replies":[{"embeddable":true,"href":"https:\/\/radiowebmx.com\/nota\/wp-json\/wp\/v2\/comments?post=7188"}],"version-history":[{"count":3,"href":"https:\/\/radiowebmx.com\/nota\/wp-json\/wp\/v2\/posts\/7188\/revisions"}],"predecessor-version":[{"id":7191,"href":"https:\/\/radiowebmx.com\/nota\/wp-json\/wp\/v2\/posts\/7188\/revisions\/7191"}],"wp:featuredmedia":[{"embeddable":true,"href":"https:\/\/radiowebmx.com\/nota\/wp-json\/wp\/v2\/media\/7189"}],"wp:attachment":[{"href":"https:\/\/radiowebmx.com\/nota\/wp-json\/wp\/v2\/media?parent=7188"}],"wp:term":[{"taxonomy":"category","embeddable":true,"href":"https:\/\/radiowebmx.com\/nota\/wp-json\/wp\/v2\/categories?post=7188"},{"taxonomy":"post_tag","embeddable":true,"href":"https:\/\/radiowebmx.com\/nota\/wp-json\/wp\/v2\/tags?post=7188"}],"curies":[{"name":"wp","href":"https:\/\/api.w.org\/{rel}","templated":true}]}}