{"id":71833,"date":"2025-03-05T19:35:23","date_gmt":"2025-03-06T01:35:23","guid":{"rendered":"https:\/\/radiowebmx.com\/nota\/?p=71833"},"modified":"2025-03-05T19:37:06","modified_gmt":"2025-03-06T01:37:06","slug":"por-cuaresma-gobierno-estatal-ofertara-pescados-y-mariscos-a-precios-bajos","status":"publish","type":"post","link":"https:\/\/radiowebmx.com\/nota\/por-cuaresma-gobierno-estatal-ofertara-pescados-y-mariscos-a-precios-bajos\/","title":{"rendered":"Por Cuaresma, Gobierno estatal ofertar\u00e1 pescados y mariscos a precios bajos"},"content":{"rendered":"\n<p><strong><em>\u2022 De manera directa con los productores locales, en unidades y puntos de venta en todo el estado<\/em><\/strong><\/p>\n\n\n\n<p>Morelia, Michoac\u00e1n, 5 de marzo de 2025.- Con el objetivo de ofrecer a los consumidores pescados y mariscos frescos, de calidad y a precios accesibles, al tiempo que se fortalece la econom\u00eda de los productores locales, el Gobierno de Michoac\u00e1n puso en marcha el Programa de Cuaresma 2025.<\/p>\n\n\n\n<p>En conferencia de prensa encabezada por la coordinadora de Comunicaci\u00f3n, Z\u00e1yin D\u00e1leth Villavicencio S\u00e1nchez, el director de la Comisi\u00f3n de Pesca del Estado (Compesca), Ram\u00f3n Hern\u00e1ndez Orozco inform\u00f3 que se instalar\u00e1n 125 unidades de producci\u00f3n en la entidad, donde la poblaci\u00f3n podr\u00e1 comprar directamente de las granjas pesqueras.<\/p>\n\n\n\n<figure class=\"wp-block-image size-full is-resized\"><a href=\"https:\/\/radiowebmx.com\/nota\/wp-content\/uploads\/2025\/03\/image-9.png\"><img loading=\"lazy\" decoding=\"async\" width=\"591\" height=\"409\" src=\"https:\/\/radiowebmx.com\/nota\/wp-content\/uploads\/2025\/03\/image-9.png\" alt=\"\" class=\"wp-image-71834\" style=\"aspect-ratio:1.4449877750611246;width:282px;height:auto\"\/><\/a><\/figure>\n\n\n\n<p>Detall\u00f3 que se instalar\u00e1n puntos de venta en los municipios de Venustiano Carranza, Puru\u00e1ndiro, Zit\u00e1cuaro, Par\u00e1cuaro, Uruapan, Tzintzuntzan, Tac\u00e1mbaro y Apatzing\u00e1n, los cuales operar\u00e1n todos los d\u00edas viernes durante la temporada de Cuaresma.<\/p>\n\n\n\n<figure class=\"wp-block-image size-full is-resized\"><a href=\"https:\/\/radiowebmx.com\/nota\/wp-content\/uploads\/2025\/03\/image-10.png\"><img loading=\"lazy\" decoding=\"async\" width=\"591\" height=\"591\" src=\"https:\/\/radiowebmx.com\/nota\/wp-content\/uploads\/2025\/03\/image-10.png\" alt=\"\" class=\"wp-image-71838\" style=\"aspect-ratio:1;width:323px;height:auto\"\/><\/a><\/figure>\n\n\n\n<p>En Morelia, dijo, la venta de pescados y mariscos se llevar\u00e1 a cabo los d\u00edas jueves y viernes en puntos estrat\u00e9gicos como: el Bosque Cuauht\u00e9moc, frente a la Comisi\u00f3n Forestal de Michoac\u00e1n (Cofom); el Registro P\u00fablico de la Propiedad, ubicado en H\u00e9roes de Nocup\u00e9taro 888, colonia Centro; calle Alc\u00e1zar de Chapultepec esquina con Acueducto, colonia Chapultepec Oriente; y calle Manantiales de Morelia 214, colonia Campestre los Manantiales. Mientras que un punto m\u00f3vil que recorrer\u00e1 distintas oficinas gubernamentales ampliando as\u00ed las opciones para la poblaci\u00f3n.<\/p>\n\n\n\n<p>Adem\u00e1s, de lunes a viernes, quienes deseen adquirir estos productos podr\u00e1n hacerlo directamente en las oficinas de la Compesca, ubicadas en calle Haendel #55, colonia La Loma.<\/p>\n","protected":false},"excerpt":{"rendered":"<p>\u2022 De manera directa con los productores locales, en unidades y puntos de venta en todo el estado Morelia, Michoac\u00e1n, 5 de marzo de 2025.- Con el objetivo de ofrecer a los consumidores pescados y mariscos frescos, de calidad y a precios accesibles, al tiempo que se fortalece la econom\u00eda de los productores locales, el [&hellip;]<\/p>\n","protected":false},"author":2,"featured_media":71835,"comment_status":"closed","ping_status":"closed","sticky":false,"template":"","format":"standard","meta":{"footnotes":""},"categories":[3],"tags":[],"class_list":["post-71833","post","type-post","status-publish","format-standard","has-post-thumbnail","hentry","category-gobierno-del-estado-de-michoacan"],"_links":{"self":[{"href":"https:\/\/radiowebmx.com\/nota\/wp-json\/wp\/v2\/posts\/71833","targetHints":{"allow":["GET"]}}],"collection":[{"href":"https:\/\/radiowebmx.com\/nota\/wp-json\/wp\/v2\/posts"}],"about":[{"href":"https:\/\/radiowebmx.com\/nota\/wp-json\/wp\/v2\/types\/post"}],"author":[{"embeddable":true,"href":"https:\/\/radiowebmx.com\/nota\/wp-json\/wp\/v2\/users\/2"}],"replies":[{"embeddable":true,"href":"https:\/\/radiowebmx.com\/nota\/wp-json\/wp\/v2\/comments?post=71833"}],"version-history":[{"count":2,"href":"https:\/\/radiowebmx.com\/nota\/wp-json\/wp\/v2\/posts\/71833\/revisions"}],"predecessor-version":[{"id":71839,"href":"https:\/\/radiowebmx.com\/nota\/wp-json\/wp\/v2\/posts\/71833\/revisions\/71839"}],"wp:featuredmedia":[{"embeddable":true,"href":"https:\/\/radiowebmx.com\/nota\/wp-json\/wp\/v2\/media\/71835"}],"wp:attachment":[{"href":"https:\/\/radiowebmx.com\/nota\/wp-json\/wp\/v2\/media?parent=71833"}],"wp:term":[{"taxonomy":"category","embeddable":true,"href":"https:\/\/radiowebmx.com\/nota\/wp-json\/wp\/v2\/categories?post=71833"},{"taxonomy":"post_tag","embeddable":true,"href":"https:\/\/radiowebmx.com\/nota\/wp-json\/wp\/v2\/tags?post=71833"}],"curies":[{"name":"wp","href":"https:\/\/api.w.org\/{rel}","templated":true}]}}