{"id":71812,"date":"2025-03-04T19:49:03","date_gmt":"2025-03-05T01:49:03","guid":{"rendered":"https:\/\/radiowebmx.com\/nota\/?p=71812"},"modified":"2025-03-04T19:49:07","modified_gmt":"2025-03-05T01:49:07","slug":"gobierno-federal-replica-programa-estatal-de-apoyo-a-familias-de-ninas-y-ninos-con-cancer","status":"publish","type":"post","link":"https:\/\/radiowebmx.com\/nota\/gobierno-federal-replica-programa-estatal-de-apoyo-a-familias-de-ninas-y-ninos-con-cancer\/","title":{"rendered":"Gobierno federal replica programa estatal de apoyo a familias de ni\u00f1as y ni\u00f1os con c\u00e1ncer"},"content":{"rendered":"\n<p><strong><em>Gobernador anuncia que en abril enviar\u00e1 al Congreso iniciativa para elevar a rango Constitucional el apoyo estatal para este sector<\/em><\/strong><\/p>\n\n\n\n<p>      Morelia, Michoac\u00e1n, 4 de marzo de 2025.- Michoac\u00e1n es un referente nacional en acciones de apoyo a sectores vulnerables de la poblaci\u00f3n, afirm\u00f3 el gobernador Alfredo Ram\u00edrez Bedolla luego de que esta ma\u00f1ana la presidenta Claudia Sheinbaum Pardo anunciara el nuevo programa de Bienestar en apoyo a familias de ni\u00f1as y ni\u00f1os con c\u00e1ncer.<\/p>\n\n\n\n<p>      Al destacar que dicho programa se impuls\u00f3 en el estado desde el a\u00f1o 2022 con un padr\u00f3n de beneficiarios de 669 familias cuidadoras de ni\u00f1as y ni\u00f1os con c\u00e1ncer, el mandatario celebr\u00f3 que a nivel federal se repliquen acciones que procuren la permanencia y conclusi\u00f3n de tratamientos en pacientes oncol\u00f3gicos.<\/p>\n\n\n\n<figure class=\"wp-block-image size-full is-resized\"><a href=\"https:\/\/radiowebmx.com\/nota\/wp-content\/uploads\/2025\/03\/image-7.png\"><img loading=\"lazy\" decoding=\"async\" width=\"709\" height=\"472\" src=\"https:\/\/radiowebmx.com\/nota\/wp-content\/uploads\/2025\/03\/image-7.png\" alt=\"\" class=\"wp-image-71814\" style=\"aspect-ratio:1.5021186440677967;width:333px;height:auto\" srcset=\"https:\/\/radiowebmx.com\/nota\/wp-content\/uploads\/2025\/03\/image-7.png 709w, https:\/\/radiowebmx.com\/nota\/wp-content\/uploads\/2025\/03\/image-7-595x396.png 595w\" sizes=\"auto, (max-width: 709px) 100vw, 709px\" \/><\/a><\/figure>\n\n\n\n<p>      Refiri\u00f3 que el apoyo del programa estatal es de 4 mil pesos mensuales y se entrega de manera directa a las familias mientras el menor de edad se encuentre en tratamiento o en vigilancia hasta por tres a\u00f1os de terminado el tratamiento oncol\u00f3gico en instancias de salud p\u00fablica.<\/p>\n\n\n\n<p>       En tanto se inform\u00f3 que el nuevo programa federal otorgar\u00e1 un apoyo bimestral de 6 mil 400 pesos para el tutor de pacientes del IMSS-Bienestar, mismo que se entregar\u00e1 por tarjeta de Bienestar mientras el ni\u00f1o o ni\u00f1a se encuentre en tratamiento en instituci\u00f3n p\u00fablica.<\/p>\n\n\n\n<p>      Finalmente el gobernador adelant\u00f3 que para garantizar el derecho al apoyo econ\u00f3mico para familias cuidadoras de ni\u00f1as y ni\u00f1os con c\u00e1ncer, en abril se enviar\u00e1 al Congreso local la iniciativa para elevar a rango Constitucional este programa en Michoac\u00e1n.<\/p>\n","protected":false},"excerpt":{"rendered":"<p>Gobernador anuncia que en abril enviar\u00e1 al Congreso iniciativa para elevar a rango Constitucional el apoyo estatal para este sector Morelia, Michoac\u00e1n, 4 de marzo de 2025.- Michoac\u00e1n es un referente nacional en acciones de apoyo a sectores vulnerables de la poblaci\u00f3n, afirm\u00f3 el gobernador Alfredo Ram\u00edrez Bedolla luego de que esta ma\u00f1ana la presidenta [&hellip;]<\/p>\n","protected":false},"author":2,"featured_media":71813,"comment_status":"closed","ping_status":"closed","sticky":false,"template":"","format":"standard","meta":{"footnotes":""},"categories":[3],"tags":[],"class_list":["post-71812","post","type-post","status-publish","format-standard","has-post-thumbnail","hentry","category-gobierno-del-estado-de-michoacan"],"_links":{"self":[{"href":"https:\/\/radiowebmx.com\/nota\/wp-json\/wp\/v2\/posts\/71812","targetHints":{"allow":["GET"]}}],"collection":[{"href":"https:\/\/radiowebmx.com\/nota\/wp-json\/wp\/v2\/posts"}],"about":[{"href":"https:\/\/radiowebmx.com\/nota\/wp-json\/wp\/v2\/types\/post"}],"author":[{"embeddable":true,"href":"https:\/\/radiowebmx.com\/nota\/wp-json\/wp\/v2\/users\/2"}],"replies":[{"embeddable":true,"href":"https:\/\/radiowebmx.com\/nota\/wp-json\/wp\/v2\/comments?post=71812"}],"version-history":[{"count":1,"href":"https:\/\/radiowebmx.com\/nota\/wp-json\/wp\/v2\/posts\/71812\/revisions"}],"predecessor-version":[{"id":71815,"href":"https:\/\/radiowebmx.com\/nota\/wp-json\/wp\/v2\/posts\/71812\/revisions\/71815"}],"wp:featuredmedia":[{"embeddable":true,"href":"https:\/\/radiowebmx.com\/nota\/wp-json\/wp\/v2\/media\/71813"}],"wp:attachment":[{"href":"https:\/\/radiowebmx.com\/nota\/wp-json\/wp\/v2\/media?parent=71812"}],"wp:term":[{"taxonomy":"category","embeddable":true,"href":"https:\/\/radiowebmx.com\/nota\/wp-json\/wp\/v2\/categories?post=71812"},{"taxonomy":"post_tag","embeddable":true,"href":"https:\/\/radiowebmx.com\/nota\/wp-json\/wp\/v2\/tags?post=71812"}],"curies":[{"name":"wp","href":"https:\/\/api.w.org\/{rel}","templated":true}]}}