{"id":71773,"date":"2024-11-29T20:39:26","date_gmt":"2024-11-30T02:39:26","guid":{"rendered":"https:\/\/radiowebmx.com\/nota\/?p=71773"},"modified":"2024-11-29T20:39:28","modified_gmt":"2024-11-30T02:39:28","slug":"bedolla-e-industriales-en-alianza-por-la-atraccion-de-inversion-europea","status":"publish","type":"post","link":"https:\/\/radiowebmx.com\/nota\/bedolla-e-industriales-en-alianza-por-la-atraccion-de-inversion-europea\/","title":{"rendered":"Bedolla e industriales en alianza por la atracci\u00f3n de inversi\u00f3n europea"},"content":{"rendered":"\n<p>Morelia, Michoac\u00e1n, 29 de noviembre de 2024.- El gobernador Alfredo Ram\u00edrez Bedolla e integrantes de la Asociaci\u00f3n de Industriales del Estado de Michoac\u00e1n (AIEMAC) refrendaron su compromiso para atraer mayor inversi\u00f3n de empresas europeas en el estado.<\/p>\n\n\n\n<p>Durante la entrega de reconocimientos a las buenas pr\u00e1cticas industriales, el mandatario destac\u00f3 que con el nearshoring y la pr\u00f3xima renegociaci\u00f3n del T-MEC, se tienen las condiciones para establecer industria extranjera en la entidad.<\/p>\n\n\n\n<figure class=\"wp-block-image size-full is-resized\"><a href=\"https:\/\/radiowebmx.com\/nota\/wp-content\/uploads\/2024\/11\/image-41.png\"><img loading=\"lazy\" decoding=\"async\" width=\"709\" height=\"458\" src=\"https:\/\/radiowebmx.com\/nota\/wp-content\/uploads\/2024\/11\/image-41.png\" alt=\"\" class=\"wp-image-71774\" style=\"aspect-ratio:1.5480349344978166;width:388px;height:auto\" srcset=\"https:\/\/radiowebmx.com\/nota\/wp-content\/uploads\/2024\/11\/image-41.png 709w, https:\/\/radiowebmx.com\/nota\/wp-content\/uploads\/2024\/11\/image-41-595x384.png 595w\" sizes=\"auto, (max-width: 709px) 100vw, 709px\" \/><\/a><\/figure>\n\n\n\n<p>Coment\u00f3 que \u201credireccionar la mirada a los inversionistas europeos\u201d es una oportunidad que debe aprovecharse ante el tema comercial y de aranceles con Estados Unidos anunciado por Donald Trump.<\/p>\n\n\n\n<p>El gobernador destac\u00f3 que se pueden lograr avances importantes manteniendo la coordinaci\u00f3n entre el estado y el sector empresarial de Michoac\u00e1n, con quien afirm\u00f3, se ha trabajado por el desarrollo econ\u00f3mico.<\/p>\n\n\n\n<p>Agreg\u00f3 que en ese proceso, el Gobierno del Estado ha impulsado mejoras a la infraestructura carretera para facilitar el crecimiento productivo regional y tur\u00edstico, as\u00ed como la seguridad vial para las y los usuarios.<\/p>\n\n\n\n<p>Ram\u00edrez Bedolla afirm\u00f3 que con apoyo de la presidenta Claudia Sheinbaum Pardo, Michoac\u00e1n tendr\u00e1 m\u00e1s obras como la ampliaci\u00f3n de la autopista Siglo XXI y la construcci\u00f3n de la autopista Uruapan-Zamora, propuestas que present\u00f3 el gobernador en su \u00faltima visita a Morelia.<\/p>\n","protected":false},"excerpt":{"rendered":"<p>Morelia, Michoac\u00e1n, 29 de noviembre de 2024.- El gobernador Alfredo Ram\u00edrez Bedolla e integrantes de la Asociaci\u00f3n de Industriales del Estado de Michoac\u00e1n (AIEMAC) refrendaron su compromiso para atraer mayor inversi\u00f3n de empresas europeas en el estado. Durante la entrega de reconocimientos a las buenas pr\u00e1cticas industriales, el mandatario destac\u00f3 que con el nearshoring y [&hellip;]<\/p>\n","protected":false},"author":2,"featured_media":71775,"comment_status":"closed","ping_status":"closed","sticky":false,"template":"","format":"standard","meta":{"footnotes":""},"categories":[3],"tags":[],"class_list":["post-71773","post","type-post","status-publish","format-standard","has-post-thumbnail","hentry","category-gobierno-del-estado-de-michoacan"],"_links":{"self":[{"href":"https:\/\/radiowebmx.com\/nota\/wp-json\/wp\/v2\/posts\/71773","targetHints":{"allow":["GET"]}}],"collection":[{"href":"https:\/\/radiowebmx.com\/nota\/wp-json\/wp\/v2\/posts"}],"about":[{"href":"https:\/\/radiowebmx.com\/nota\/wp-json\/wp\/v2\/types\/post"}],"author":[{"embeddable":true,"href":"https:\/\/radiowebmx.com\/nota\/wp-json\/wp\/v2\/users\/2"}],"replies":[{"embeddable":true,"href":"https:\/\/radiowebmx.com\/nota\/wp-json\/wp\/v2\/comments?post=71773"}],"version-history":[{"count":1,"href":"https:\/\/radiowebmx.com\/nota\/wp-json\/wp\/v2\/posts\/71773\/revisions"}],"predecessor-version":[{"id":71776,"href":"https:\/\/radiowebmx.com\/nota\/wp-json\/wp\/v2\/posts\/71773\/revisions\/71776"}],"wp:featuredmedia":[{"embeddable":true,"href":"https:\/\/radiowebmx.com\/nota\/wp-json\/wp\/v2\/media\/71775"}],"wp:attachment":[{"href":"https:\/\/radiowebmx.com\/nota\/wp-json\/wp\/v2\/media?parent=71773"}],"wp:term":[{"taxonomy":"category","embeddable":true,"href":"https:\/\/radiowebmx.com\/nota\/wp-json\/wp\/v2\/categories?post=71773"},{"taxonomy":"post_tag","embeddable":true,"href":"https:\/\/radiowebmx.com\/nota\/wp-json\/wp\/v2\/tags?post=71773"}],"curies":[{"name":"wp","href":"https:\/\/api.w.org\/{rel}","templated":true}]}}