{"id":71735,"date":"2024-11-21T14:40:15","date_gmt":"2024-11-21T20:40:15","guid":{"rendered":"https:\/\/radiowebmx.com\/nota\/?p=71735"},"modified":"2024-11-21T14:40:18","modified_gmt":"2024-11-21T20:40:18","slug":"no-se-pongan-nerviosos-el-27-para-el-27-alfonso-martinez","status":"publish","type":"post","link":"https:\/\/radiowebmx.com\/nota\/no-se-pongan-nerviosos-el-27-para-el-27-alfonso-martinez\/","title":{"rendered":"\u201cNo se pongan nerviosos, el 27 para el 27\u201d: Alfonso Mart\u00ednez"},"content":{"rendered":"\n<p>Morelia, Mich.- De acuerdo con el alcalde moreliano Alfonso Mart\u00ednez Alc\u00e1zar, sus recientes actividades al interior del estado han generado inquietud entre la clase pol\u00edtica oficialista, por lo que pidi\u00f3 \u201cque no se pongan nerviosos, el 27 para el 27\u201d, esto luego de la visita que realiz\u00f3 al municipio de Santa Clara del Cobre el pasado fin de semana.<\/p>\n\n\n\n<p>De acuerdo a un comunicado del \u00e1rea de Prensa del municipio, basada en entrevista colectiva con los medios, Mart\u00ednez Alc\u00e1zar dijo estar ocupado \u201cen promover a Morelia al interior del estado y en otros pa\u00edses. La capital es la puerta de entrada al turismo hacia la entidad, por ello hay que ser solidarios y promover la grandeza de Michoac\u00e1n\u201d.<\/p>\n\n\n\n<p>El alcalde tambi\u00e9n se refiri\u00f3 al tema de las tenencias, como en Capula y San Nicol\u00e1s Obispo, donde el gobierno del estado alent\u00f3 entre pobladores buscar el presupuesto directo, aunque las mismas fracasaron, ya que en Capula la mayor\u00eda rechaz\u00f3 regirse bajo usos y costumbres y en el caso de la segunda, la misma fue pospuesta por la jefatura de Tenencia al aducir que no hab\u00eda condiciones para llevarla a cabo por la polarizaci\u00f3n entre habitantes a favor y en contra.<\/p>\n\n\n\n<p>\u201cEn el tema de las comunidades, se debe acompa\u00f1arlos y resolver sus problemas, no alimentar la discordia ni generar conflictos en donde no hay, debido la situaci\u00f3n que se present\u00f3 en San Nicol\u00e1s Obispo con la fallida elecci\u00f3n de un autogobierno y que motiv\u00f3 la intervenci\u00f3n del Ayuntamiento de Morelia en un problema social que fue provocado por otra instancia\u201d, se\u00f1ala el comunicado.<\/p>\n\n\n\n<p>En lo que se refiere al presupuesto federal, se\u00f1al\u00f3 que se advierten recortes importantes en cultura y salud \u201ccomo si estuvi\u00e9ramos en Dinamarca\u201d y que \u201clos ajustes a educaci\u00f3n son una contradicci\u00f3n de un gobierno que se presume progresista\u201d.<\/p>\n","protected":false},"excerpt":{"rendered":"<p>Morelia, Mich.- De acuerdo con el alcalde moreliano Alfonso Mart\u00ednez Alc\u00e1zar, sus recientes actividades al interior del estado han generado inquietud entre la clase pol\u00edtica oficialista, por lo que pidi\u00f3 \u201cque no se pongan nerviosos, el 27 para el 27\u201d, esto luego de la visita que realiz\u00f3 al municipio de Santa Clara del Cobre el [&hellip;]<\/p>\n","protected":false},"author":2,"featured_media":71736,"comment_status":"closed","ping_status":"closed","sticky":false,"template":"","format":"standard","meta":{"footnotes":""},"categories":[9],"tags":[],"class_list":["post-71735","post","type-post","status-publish","format-standard","has-post-thumbnail","hentry","category-morelia"],"_links":{"self":[{"href":"https:\/\/radiowebmx.com\/nota\/wp-json\/wp\/v2\/posts\/71735","targetHints":{"allow":["GET"]}}],"collection":[{"href":"https:\/\/radiowebmx.com\/nota\/wp-json\/wp\/v2\/posts"}],"about":[{"href":"https:\/\/radiowebmx.com\/nota\/wp-json\/wp\/v2\/types\/post"}],"author":[{"embeddable":true,"href":"https:\/\/radiowebmx.com\/nota\/wp-json\/wp\/v2\/users\/2"}],"replies":[{"embeddable":true,"href":"https:\/\/radiowebmx.com\/nota\/wp-json\/wp\/v2\/comments?post=71735"}],"version-history":[{"count":1,"href":"https:\/\/radiowebmx.com\/nota\/wp-json\/wp\/v2\/posts\/71735\/revisions"}],"predecessor-version":[{"id":71737,"href":"https:\/\/radiowebmx.com\/nota\/wp-json\/wp\/v2\/posts\/71735\/revisions\/71737"}],"wp:featuredmedia":[{"embeddable":true,"href":"https:\/\/radiowebmx.com\/nota\/wp-json\/wp\/v2\/media\/71736"}],"wp:attachment":[{"href":"https:\/\/radiowebmx.com\/nota\/wp-json\/wp\/v2\/media?parent=71735"}],"wp:term":[{"taxonomy":"category","embeddable":true,"href":"https:\/\/radiowebmx.com\/nota\/wp-json\/wp\/v2\/categories?post=71735"},{"taxonomy":"post_tag","embeddable":true,"href":"https:\/\/radiowebmx.com\/nota\/wp-json\/wp\/v2\/tags?post=71735"}],"curies":[{"name":"wp","href":"https:\/\/api.w.org\/{rel}","templated":true}]}}