{"id":71702,"date":"2024-11-19T20:55:55","date_gmt":"2024-11-20T02:55:55","guid":{"rendered":"https:\/\/radiowebmx.com\/nota\/?p=71702"},"modified":"2024-11-19T20:55:58","modified_gmt":"2024-11-20T02:55:58","slug":"es-bienvenida-la-reforma-estatal-en-materia-indigena-gpprd","status":"publish","type":"post","link":"https:\/\/radiowebmx.com\/nota\/es-bienvenida-la-reforma-estatal-en-materia-indigena-gpprd\/","title":{"rendered":"Es bienvenida la reforma estatal en materia ind\u00edgena: GPPRD"},"content":{"rendered":"\n<p><strong>Reafirma GPPRD compromiso con la justicia social y la inclusi\u00f3n<\/strong><br><strong>&nbsp;Importante escuchar todas las voces dentro de las comunidades<\/strong><\/p>\n\n\n\n<p>Morelia, Michoac\u00e1n.-Es bienvenida la reforma ind\u00edgena para el estado de Michoac\u00e1n y poder armonizarla con el ordenamiento federal, destacaron la diputada local Brissa Arroyo Mart\u00ednez y el diputado local Octavio Ocampo C\u00f3rdova, integrantes del Grupo Parlamentario del Partido de la Revoluci\u00f3n Democr\u00e1tica (GPPRD) en la 76 Legislatura.<\/p>\n\n\n\n<p>En el marco de la Firma y presentaci\u00f3n de la iniciativa de la reforma constitucional en materia ind\u00edgena de Michoac\u00e1n, que se desarroll\u00f3 en Palacio de Gobierno con la representaci\u00f3n de los tres poderes y participaci\u00f3n de habitantes de los pueblos originarios, subrayaron que este avance legislativo representa un gran paso en el reconocimiento y el respeto a los derechos de los pueblos ind\u00edgenas.<\/p>\n\n\n\n<p>\u201cEstamos hoy reafirmando nuestro compromiso con la justicia social, la inclusi\u00f3n y cero discriminaci\u00f3n. Que nunca m\u00e1s haya un derecho negado a los pueblos originarios\u201d, expres\u00f3 la diputada Brissa Arroyo.<\/p>\n\n\n\n<p>Arroyo Mart\u00ednez subray\u00f3 que los pueblos originarios son el rostro del M\u00e9xico profundo, por ello la importancia tambi\u00e9n de escuchar a todas las voces dentro de las propias comunidades, que todo sea bajo un consenso y no por imposici\u00f3n.<\/p>\n\n\n\n<p>De su parte, el diputado local y Coordinador del GPPRD, Octavio Ocampo C\u00f3rdova, refiri\u00f3 que desde el PRD hist\u00f3ricamente se ha impulsado la libre determinaci\u00f3n, por lo que en este caso es positivo lo que se propone en la reforma ind\u00edgena estatal y su homologaci\u00f3n con la federal que recientemente se aprob\u00f3.<\/p>\n\n\n\n<p>Sin embargo, -detall\u00f3 Ocampo-, se tiene que hacer un trabajo muy responsable en todas las comunidades para generar gobernabilidad y evitar que haya conflictos, \u201cdesde la Comisi\u00f3n de asuntos electorales y participaci\u00f3n ciudadana estaremos siendo vigilantes\u201d, dijo.<\/p>\n\n\n\n<p>Es importante recordar que en Michoac\u00e1n actualmente hay cuatro pueblos originarios : Pur\u00e9pechas, otom\u00edes, mazahuas y nahuas.<\/p>\n\n\n\n<p>Durante esta presentaci\u00f3n de la Reforma Constitucional Local en Materia Ind\u00edgena, se destac\u00f3 que Michoac\u00e1n es la primera entidad federativa del pa\u00eds en proponer armonizar este ordenamiento jur\u00eddico; y el ejemplo que ha sido Cher\u00e1n a nivel nacional en su autogobierno.<\/p>\n","protected":false},"excerpt":{"rendered":"<p>Reafirma GPPRD compromiso con la justicia social y la inclusi\u00f3n&nbsp;Importante escuchar todas las voces dentro de las comunidades Morelia, Michoac\u00e1n.-Es bienvenida la reforma ind\u00edgena para el estado de Michoac\u00e1n y poder armonizarla con el ordenamiento federal, destacaron la diputada local Brissa Arroyo Mart\u00ednez y el diputado local Octavio Ocampo C\u00f3rdova, integrantes del Grupo Parlamentario del [&hellip;]<\/p>\n","protected":false},"author":2,"featured_media":71703,"comment_status":"closed","ping_status":"closed","sticky":false,"template":"","format":"standard","meta":{"footnotes":""},"categories":[6],"tags":[],"class_list":["post-71702","post","type-post","status-publish","format-standard","has-post-thumbnail","hentry","category-congreso-del-estado"],"_links":{"self":[{"href":"https:\/\/radiowebmx.com\/nota\/wp-json\/wp\/v2\/posts\/71702","targetHints":{"allow":["GET"]}}],"collection":[{"href":"https:\/\/radiowebmx.com\/nota\/wp-json\/wp\/v2\/posts"}],"about":[{"href":"https:\/\/radiowebmx.com\/nota\/wp-json\/wp\/v2\/types\/post"}],"author":[{"embeddable":true,"href":"https:\/\/radiowebmx.com\/nota\/wp-json\/wp\/v2\/users\/2"}],"replies":[{"embeddable":true,"href":"https:\/\/radiowebmx.com\/nota\/wp-json\/wp\/v2\/comments?post=71702"}],"version-history":[{"count":1,"href":"https:\/\/radiowebmx.com\/nota\/wp-json\/wp\/v2\/posts\/71702\/revisions"}],"predecessor-version":[{"id":71704,"href":"https:\/\/radiowebmx.com\/nota\/wp-json\/wp\/v2\/posts\/71702\/revisions\/71704"}],"wp:featuredmedia":[{"embeddable":true,"href":"https:\/\/radiowebmx.com\/nota\/wp-json\/wp\/v2\/media\/71703"}],"wp:attachment":[{"href":"https:\/\/radiowebmx.com\/nota\/wp-json\/wp\/v2\/media?parent=71702"}],"wp:term":[{"taxonomy":"category","embeddable":true,"href":"https:\/\/radiowebmx.com\/nota\/wp-json\/wp\/v2\/categories?post=71702"},{"taxonomy":"post_tag","embeddable":true,"href":"https:\/\/radiowebmx.com\/nota\/wp-json\/wp\/v2\/tags?post=71702"}],"curies":[{"name":"wp","href":"https:\/\/api.w.org\/{rel}","templated":true}]}}