{"id":71664,"date":"2024-11-15T19:44:43","date_gmt":"2024-11-16T01:44:43","guid":{"rendered":"https:\/\/radiowebmx.com\/nota\/?p=71664"},"modified":"2024-11-15T19:44:46","modified_gmt":"2024-11-16T01:44:46","slug":"inicia-la-feria-del-molcajete-de-san-nicolas-obispo-encontraras-mas-de-70-disenos","status":"publish","type":"post","link":"https:\/\/radiowebmx.com\/nota\/inicia-la-feria-del-molcajete-de-san-nicolas-obispo-encontraras-mas-de-70-disenos\/","title":{"rendered":"Inicia la Feria del Molcajete de San Nicol\u00e1s Obispo; encontrar\u00e1s m\u00e1s de 70 dise\u00f1os"},"content":{"rendered":"\n<p>\u2022 Vis\u00edtala del 15 al 18 de noviembre<\/p>\n\n\n\n<p>Morelia, Michoac\u00e1n,   noviembre de 2024.- Artesanas y artesanos de la localidad de San Nicol\u00e1s se encuentran listos para recibir, a partir de hoy y hasta el 18 de noviembre, a turistas y visitantes a la novena edici\u00f3n de la Feria del Molcajete, de 10:00 a 20:00 horas.<\/p>\n\n\n\n<p>Encontrar\u00e1s alrededor de 70 diferentes dise\u00f1os de molcajetes para llevarte una aut\u00e9ntica pieza de esta tenencia moreliana, mencion\u00f3 el presidente de la Asociaci\u00f3n de Artesanos de San Nicolas Obispo, Luciano Mart\u00ednez Mart\u00ednez.<\/p>\n\n\n\n<figure class=\"wp-block-image size-full is-resized\"><a href=\"https:\/\/radiowebmx.com\/nota\/wp-content\/uploads\/2024\/11\/image-20.png\"><img loading=\"lazy\" decoding=\"async\" width=\"709\" height=\"945\" src=\"https:\/\/radiowebmx.com\/nota\/wp-content\/uploads\/2024\/11\/image-20.png\" alt=\"\" class=\"wp-image-71665\" style=\"aspect-ratio:0.7502645502645503;width:296px;height:auto\" srcset=\"https:\/\/radiowebmx.com\/nota\/wp-content\/uploads\/2024\/11\/image-20.png 709w, https:\/\/radiowebmx.com\/nota\/wp-content\/uploads\/2024\/11\/image-20-595x793.png 595w, https:\/\/radiowebmx.com\/nota\/wp-content\/uploads\/2024\/11\/image-20-480x640.png 480w\" sizes=\"auto, (max-width: 709px) 100vw, 709px\" \/><\/a><\/figure>\n\n\n\n<p>Detall\u00f3 que los precios de los molcajetes var\u00edan seg\u00fan el tipo, tama\u00f1o y dise\u00f1o. Los encontrar\u00e1s desde los 100 hasta los 3 mil 500 pesos, dependiendo del trabajo y proceso de elaboraci\u00f3n.<\/p>\n\n\n\n<p>Turistas y visitantes podr\u00e1n conocer parte del proceso de elaboraci\u00f3n a partir de piedra volc\u00e1nica, se les ense\u00f1ar\u00e1 a curar sus molcajetes para que posteriormente puedan utilizarnos para preparar salsas o guacamoles.<\/p>\n\n\n\n<figure class=\"wp-block-image size-full is-resized\"><a href=\"https:\/\/radiowebmx.com\/nota\/wp-content\/uploads\/2024\/11\/image-21.png\"><img loading=\"lazy\" decoding=\"async\" width=\"709\" height=\"945\" src=\"https:\/\/radiowebmx.com\/nota\/wp-content\/uploads\/2024\/11\/image-21.png\" alt=\"\" class=\"wp-image-71666\" style=\"aspect-ratio:0.7502645502645503;width:291px;height:auto\" srcset=\"https:\/\/radiowebmx.com\/nota\/wp-content\/uploads\/2024\/11\/image-21.png 709w, https:\/\/radiowebmx.com\/nota\/wp-content\/uploads\/2024\/11\/image-21-595x793.png 595w, https:\/\/radiowebmx.com\/nota\/wp-content\/uploads\/2024\/11\/image-21-480x640.png 480w\" sizes=\"auto, (max-width: 709px) 100vw, 709px\" \/><\/a><\/figure>\n\n\n\n<p>Mart\u00ednez Mart\u00ednez se\u00f1al\u00f3 que para ampliar la oferta de producci\u00f3n artesanal se contar\u00e1 con la presencia de 15 artesanas y artesanos de otras localidades del estado, con quienes se podr\u00e1n comprar artesan\u00edas como textiles, huaraches, sombreros, art\u00edculos de cobre, alfarer\u00eda y fibras vegetales.<\/p>\n","protected":false},"excerpt":{"rendered":"<p>\u2022 Vis\u00edtala del 15 al 18 de noviembre Morelia, Michoac\u00e1n, noviembre de 2024.- Artesanas y artesanos de la localidad de San Nicol\u00e1s se encuentran listos para recibir, a partir de hoy y hasta el 18 de noviembre, a turistas y visitantes a la novena edici\u00f3n de la Feria del Molcajete, de 10:00 a 20:00 horas. [&hellip;]<\/p>\n","protected":false},"author":2,"featured_media":71667,"comment_status":"closed","ping_status":"closed","sticky":false,"template":"","format":"standard","meta":{"footnotes":""},"categories":[3],"tags":[],"class_list":["post-71664","post","type-post","status-publish","format-standard","has-post-thumbnail","hentry","category-gobierno-del-estado-de-michoacan"],"_links":{"self":[{"href":"https:\/\/radiowebmx.com\/nota\/wp-json\/wp\/v2\/posts\/71664","targetHints":{"allow":["GET"]}}],"collection":[{"href":"https:\/\/radiowebmx.com\/nota\/wp-json\/wp\/v2\/posts"}],"about":[{"href":"https:\/\/radiowebmx.com\/nota\/wp-json\/wp\/v2\/types\/post"}],"author":[{"embeddable":true,"href":"https:\/\/radiowebmx.com\/nota\/wp-json\/wp\/v2\/users\/2"}],"replies":[{"embeddable":true,"href":"https:\/\/radiowebmx.com\/nota\/wp-json\/wp\/v2\/comments?post=71664"}],"version-history":[{"count":1,"href":"https:\/\/radiowebmx.com\/nota\/wp-json\/wp\/v2\/posts\/71664\/revisions"}],"predecessor-version":[{"id":71668,"href":"https:\/\/radiowebmx.com\/nota\/wp-json\/wp\/v2\/posts\/71664\/revisions\/71668"}],"wp:featuredmedia":[{"embeddable":true,"href":"https:\/\/radiowebmx.com\/nota\/wp-json\/wp\/v2\/media\/71667"}],"wp:attachment":[{"href":"https:\/\/radiowebmx.com\/nota\/wp-json\/wp\/v2\/media?parent=71664"}],"wp:term":[{"taxonomy":"category","embeddable":true,"href":"https:\/\/radiowebmx.com\/nota\/wp-json\/wp\/v2\/categories?post=71664"},{"taxonomy":"post_tag","embeddable":true,"href":"https:\/\/radiowebmx.com\/nota\/wp-json\/wp\/v2\/tags?post=71664"}],"curies":[{"name":"wp","href":"https:\/\/api.w.org\/{rel}","templated":true}]}}