{"id":71655,"date":"2024-11-11T20:17:43","date_gmt":"2024-11-12T02:17:43","guid":{"rendered":"https:\/\/radiowebmx.com\/nota\/?p=71655"},"modified":"2024-11-11T20:17:46","modified_gmt":"2024-11-12T02:17:46","slug":"firma-bedolla-iniciativa-de-reforma-constitucional-para-la-umsnh","status":"publish","type":"post","link":"https:\/\/radiowebmx.com\/nota\/firma-bedolla-iniciativa-de-reforma-constitucional-para-la-umsnh\/","title":{"rendered":"Firma Bedolla iniciativa de reforma constitucional para la UMSNH"},"content":{"rendered":"\n<p><strong><em>\u2022 Dar\u00e1 autonom\u00eda constitucional, suficiencia presupuestaria, elecci\u00f3n democr\u00e1tica de rector o rectora y sistema de pensiones propio<\/em><\/strong><\/p>\n\n\n\n<p>Morelia, Michoac\u00e1n, 11 de noviembre de 2024.- Al realizar la firma de la iniciativa de reforma Constitucional a la Universidad Michoacana de San Nicol\u00e1s de Hidalgo, el gobernador Alfredo Ram\u00edrez Bedolla destac\u00f3 que esta propuesta contempla autonom\u00eda constitucional y presupuesto pleno a la M\u00e1xima Casa de Estudios, democratizaci\u00f3n en la elecci\u00f3n de rector o rectora y un sistema propio de pensiones.<\/p>\n\n\n\n<p>Puntualiz\u00f3 que la iniciativa presentada contempla reformar el art\u00edculo 143 de la Constituci\u00f3n del Estado de Michoac\u00e1n, ya que actualmente la autonom\u00eda s\u00f3lo se encuentra en el estatuto universitario que se reform\u00f3 en mayo de este a\u00f1o.<\/p>\n\n\n\n<figure class=\"wp-block-image size-full is-resized\"><a href=\"https:\/\/radiowebmx.com\/nota\/wp-content\/uploads\/2024\/11\/image-17.png\"><img loading=\"lazy\" decoding=\"async\" width=\"709\" height=\"473\" src=\"https:\/\/radiowebmx.com\/nota\/wp-content\/uploads\/2024\/11\/image-17.png\" alt=\"\" class=\"wp-image-71656\" style=\"aspect-ratio:1.4989429175475688;width:335px;height:auto\" srcset=\"https:\/\/radiowebmx.com\/nota\/wp-content\/uploads\/2024\/11\/image-17.png 709w, https:\/\/radiowebmx.com\/nota\/wp-content\/uploads\/2024\/11\/image-17-595x397.png 595w\" sizes=\"auto, (max-width: 709px) 100vw, 709px\" \/><\/a><\/figure>\n\n\n\n<p>Adem\u00e1s, establece la democratizaci\u00f3n universitaria para elegir al rector o rectora y un sistema propio de pensiones, derivado de que hay hasta el momento alrededor de 500 solicitudes que no se han podido concretar, por falta de prepuesto.<\/p>\n\n\n\n<p>El mandatario detall\u00f3 que en dicha propuesta la universidad contar\u00eda con un ingreso pleno de por lo menos 4.5 por ciento del presupuesto de egresos del Gobierno del Estado y en ning\u00fan caso puede ser menor al presupuesto ejercido en el a\u00f1o inmediato anterior.<\/p>\n\n\n\n<p>En este caso, se incrementar\u00edan 700 millones m\u00e1s para el pr\u00f3ximo a\u00f1o, con lo cual, pasar\u00eda de 3 mil 706 millones de pesos en 2024 a 4 mil 406 millones en 2025. Recalc\u00f3 que en 2016 hubo una reducci\u00f3n dr\u00e1stica en el presupuesto universitario cuando pas\u00f3 de 2 mil 946 millones de pesos a 2 mil 555 millones.<\/p>\n\n\n\n<p>En tanto, la rectora de la Universidad Michoacana, Yarab\u00ed \u00c1vila Gonz\u00e1lez, expuso que en los \u00faltimos a\u00f1os el Gobierno del Estado ha brindado apoyos extraordinarios ante los problemas financieros.<\/p>\n\n\n\n<figure class=\"wp-block-image size-full is-resized\"><a href=\"https:\/\/radiowebmx.com\/nota\/wp-content\/uploads\/2024\/11\/image-18.png\"><img loading=\"lazy\" decoding=\"async\" width=\"709\" height=\"473\" src=\"https:\/\/radiowebmx.com\/nota\/wp-content\/uploads\/2024\/11\/image-18.png\" alt=\"\" class=\"wp-image-71657\" style=\"aspect-ratio:1.4989429175475688;width:320px;height:auto\" srcset=\"https:\/\/radiowebmx.com\/nota\/wp-content\/uploads\/2024\/11\/image-18.png 709w, https:\/\/radiowebmx.com\/nota\/wp-content\/uploads\/2024\/11\/image-18-595x397.png 595w\" sizes=\"auto, (max-width: 709px) 100vw, 709px\" \/><\/a><\/figure>\n\n\n\n<p>Ante la modificaci\u00f3n a la ley, \u00c1vila Gonz\u00e1lez refiri\u00f3 que habr\u00e1 estabilidad financiera y seguridad laboral para todos los nicolaitas al realizarse el pago puntual de sueldos, prestaciones y aguinaldos.<\/p>\n","protected":false},"excerpt":{"rendered":"<p>\u2022 Dar\u00e1 autonom\u00eda constitucional, suficiencia presupuestaria, elecci\u00f3n democr\u00e1tica de rector o rectora y sistema de pensiones propio Morelia, Michoac\u00e1n, 11 de noviembre de 2024.- Al realizar la firma de la iniciativa de reforma Constitucional a la Universidad Michoacana de San Nicol\u00e1s de Hidalgo, el gobernador Alfredo Ram\u00edrez Bedolla destac\u00f3 que esta propuesta contempla autonom\u00eda constitucional [&hellip;]<\/p>\n","protected":false},"author":2,"featured_media":71658,"comment_status":"closed","ping_status":"closed","sticky":false,"template":"","format":"standard","meta":{"footnotes":""},"categories":[3],"tags":[],"class_list":["post-71655","post","type-post","status-publish","format-standard","has-post-thumbnail","hentry","category-gobierno-del-estado-de-michoacan"],"_links":{"self":[{"href":"https:\/\/radiowebmx.com\/nota\/wp-json\/wp\/v2\/posts\/71655","targetHints":{"allow":["GET"]}}],"collection":[{"href":"https:\/\/radiowebmx.com\/nota\/wp-json\/wp\/v2\/posts"}],"about":[{"href":"https:\/\/radiowebmx.com\/nota\/wp-json\/wp\/v2\/types\/post"}],"author":[{"embeddable":true,"href":"https:\/\/radiowebmx.com\/nota\/wp-json\/wp\/v2\/users\/2"}],"replies":[{"embeddable":true,"href":"https:\/\/radiowebmx.com\/nota\/wp-json\/wp\/v2\/comments?post=71655"}],"version-history":[{"count":1,"href":"https:\/\/radiowebmx.com\/nota\/wp-json\/wp\/v2\/posts\/71655\/revisions"}],"predecessor-version":[{"id":71659,"href":"https:\/\/radiowebmx.com\/nota\/wp-json\/wp\/v2\/posts\/71655\/revisions\/71659"}],"wp:featuredmedia":[{"embeddable":true,"href":"https:\/\/radiowebmx.com\/nota\/wp-json\/wp\/v2\/media\/71658"}],"wp:attachment":[{"href":"https:\/\/radiowebmx.com\/nota\/wp-json\/wp\/v2\/media?parent=71655"}],"wp:term":[{"taxonomy":"category","embeddable":true,"href":"https:\/\/radiowebmx.com\/nota\/wp-json\/wp\/v2\/categories?post=71655"},{"taxonomy":"post_tag","embeddable":true,"href":"https:\/\/radiowebmx.com\/nota\/wp-json\/wp\/v2\/tags?post=71655"}],"curies":[{"name":"wp","href":"https:\/\/api.w.org\/{rel}","templated":true}]}}