{"id":71635,"date":"2024-11-11T19:45:45","date_gmt":"2024-11-12T01:45:45","guid":{"rendered":"https:\/\/radiowebmx.com\/nota\/?p=71635"},"modified":"2024-11-11T19:45:49","modified_gmt":"2024-11-12T01:45:49","slug":"patzcuaro-reunira-a-100-expositores-para-el-festival-del-cafe-chocolate-y-vino","status":"publish","type":"post","link":"https:\/\/radiowebmx.com\/nota\/patzcuaro-reunira-a-100-expositores-para-el-festival-del-cafe-chocolate-y-vino\/","title":{"rendered":"P\u00e1tzcuaro reunir\u00e1 a 100 expositores para el Festival del Caf\u00e9, Chocolate y Vino"},"content":{"rendered":"\n<p><strong>Reunir\u00e1 tambi\u00e9n a 17 casas vin\u00edcolas los d\u00edas 16 y 17 de noviembre<\/strong><\/p>\n\n\n\n<p>Morelia, Michoac\u00e1n.- El Festival del Caf\u00e9, Chocolate y Vino 2024 se realiza este a\u00f1o los d\u00edas 16 y 17 de noviembre de 9:00 a 20:00 horas, en distintas sedes del Pueblo M\u00e1gico de P\u00e1tzcuaro, de las cuales la principal ser\u00e1 la plaza Vasco de Quiroga.<\/p>\n\n\n\n<p>En representaci\u00f3n del titular de la Secretar\u00eda de Turismo de Michoac\u00e1n (Sectur), Roberto Monroy Garc\u00eda, Rosalba Oregel C\u00e1rdenas inform\u00f3 que a lo largo de los a\u00f1os este festival se ha consolidado y convertido en una opci\u00f3n para disfrutarse en el Pueblo M\u00e1gico, y esta ocasi\u00f3n contar\u00e1 con 100 expositores.<\/p>\n\n\n\n<p>Por su parte, el presidente municipal de P\u00e1tzcuaro, Julio Arreola V\u00e1zquez, explic\u00f3 que despu\u00e9s de la jornada de Noche de \u00c1nimas que recientemente vivieron miles de turistas y visitantes, \u201cy en la que contamos con una gran afluencia tur\u00edstica, seguimos en esta l\u00ednea de llevar eventos de calidad como este festival\u201d.<\/p>\n\n\n\n<p>En tanto, el director del Festival Caf\u00e9, Chocolate y Vino, Ra\u00fal Ceniceros Villanueva, record\u00f3 que en 2023 llegaron 50 mil turistas y visitantes de Michoac\u00e1n, Nuevo Le\u00f3n, Quer\u00e9taro y Jalisco, e inform\u00f3 que este a\u00f1o ser\u00e1n 17 casas vin\u00edcolas de distintas regiones de M\u00e9xico las que estar\u00e1n presentes durante ambos d\u00edas. \u201cCrearemos distintas experiencias, como el concierto de Nicho Hinojosa en el Centro Cultural Antiguo Colegio Jesuita, bebidas ancestrales y la cena maridaje en el lago de P\u00e1tzcuaro\u201d, comparti\u00f3.<\/p>\n\n\n\n<p>El director de Caf\u00e9 La Lucha, Salvador Tung\u00fci P\u00e9rez, y Christian Iv\u00e1n Monta\u00f1ez Jim\u00e9nez, quien acudi\u00f3 en representaci\u00f3n del director de Rompope Carmelita, Bernardo Delgado Altamira, invitaron a los interesados en tener mayores detalles de esta experiencia, a encontrar todos los detalles en la p\u00e1gina: www.festivaldelcafechocolateyvino.com.<\/p>\n","protected":false},"excerpt":{"rendered":"<p>Reunir\u00e1 tambi\u00e9n a 17 casas vin\u00edcolas los d\u00edas 16 y 17 de noviembre Morelia, Michoac\u00e1n.- El Festival del Caf\u00e9, Chocolate y Vino 2024 se realiza este a\u00f1o los d\u00edas 16 y 17 de noviembre de 9:00 a 20:00 horas, en distintas sedes del Pueblo M\u00e1gico de P\u00e1tzcuaro, de las cuales la principal ser\u00e1 la plaza [&hellip;]<\/p>\n","protected":false},"author":2,"featured_media":71636,"comment_status":"closed","ping_status":"closed","sticky":false,"template":"","format":"standard","meta":{"footnotes":""},"categories":[3],"tags":[],"class_list":["post-71635","post","type-post","status-publish","format-standard","has-post-thumbnail","hentry","category-gobierno-del-estado-de-michoacan"],"_links":{"self":[{"href":"https:\/\/radiowebmx.com\/nota\/wp-json\/wp\/v2\/posts\/71635","targetHints":{"allow":["GET"]}}],"collection":[{"href":"https:\/\/radiowebmx.com\/nota\/wp-json\/wp\/v2\/posts"}],"about":[{"href":"https:\/\/radiowebmx.com\/nota\/wp-json\/wp\/v2\/types\/post"}],"author":[{"embeddable":true,"href":"https:\/\/radiowebmx.com\/nota\/wp-json\/wp\/v2\/users\/2"}],"replies":[{"embeddable":true,"href":"https:\/\/radiowebmx.com\/nota\/wp-json\/wp\/v2\/comments?post=71635"}],"version-history":[{"count":1,"href":"https:\/\/radiowebmx.com\/nota\/wp-json\/wp\/v2\/posts\/71635\/revisions"}],"predecessor-version":[{"id":71637,"href":"https:\/\/radiowebmx.com\/nota\/wp-json\/wp\/v2\/posts\/71635\/revisions\/71637"}],"wp:featuredmedia":[{"embeddable":true,"href":"https:\/\/radiowebmx.com\/nota\/wp-json\/wp\/v2\/media\/71636"}],"wp:attachment":[{"href":"https:\/\/radiowebmx.com\/nota\/wp-json\/wp\/v2\/media?parent=71635"}],"wp:term":[{"taxonomy":"category","embeddable":true,"href":"https:\/\/radiowebmx.com\/nota\/wp-json\/wp\/v2\/categories?post=71635"},{"taxonomy":"post_tag","embeddable":true,"href":"https:\/\/radiowebmx.com\/nota\/wp-json\/wp\/v2\/tags?post=71635"}],"curies":[{"name":"wp","href":"https:\/\/api.w.org\/{rel}","templated":true}]}}