{"id":7163,"date":"2014-05-22T11:41:59","date_gmt":"2014-05-22T16:41:59","guid":{"rendered":"https:\/\/radiowebmx.com\/nota\/?p=7163"},"modified":"2014-05-22T11:41:59","modified_gmt":"2014-05-22T16:41:59","slug":"participara-univim-en-ii-congreso-internacional-que-organiza-la-upn","status":"publish","type":"post","link":"https:\/\/radiowebmx.com\/nota\/participara-univim-en-ii-congreso-internacional-que-organiza-la-upn\/","title":{"rendered":"PARTICIPAR\u00c1  UNIVIM EN II CONGRESO INTERNACIONAL  QUE ORGANIZA LA UPN"},"content":{"rendered":"<p><a href=\"https:\/\/radiowebmx.com\/nota\/wp-content\/uploads\/2014\/05\/foto1.jpg\"><img loading=\"lazy\" decoding=\"async\" class=\"alignleft size-full wp-image-7164\" alt=\"foto1\" src=\"https:\/\/radiowebmx.com\/nota\/wp-content\/uploads\/2014\/05\/foto1.jpg\" width=\"591\" height=\"347\" \/><\/a>La Universidad Virtual del Estado de Michoac\u00e1n (UNIVIM), participar\u00e1 en el II Congreso Internacional <i>\u201cLa educaci\u00f3n en entornos virtuales, retos y prospectivas\u201d, <\/i>que se llevar\u00e1 a cabo en el mes de septiembre y que es organizado por la Universidad Pedag\u00f3gica Nacional (UPN).<\/p>\n<p>As\u00ed lo dieron a conocer en conferencia de prensa, el director de la UPN Unidad 161 Francisco Guzm\u00e1n Mar\u00edn; el secretario Acad\u00e9mico de la Universidad Michoacana de San Nicol\u00e1s de Hidalgo\u00a0 (UMSNH), y el director acad\u00e9mico de la UNIVIM, Germ\u00e1n Ram\u00edrez Adame.<\/p>\n<p>Destacaron los aspectos que cubrir\u00e1n este magno evento, as\u00ed como las instituciones que estar\u00e1n colaborando\u00a0 con diversas actividades y conferencias para enriquecerlo.<\/p>\n<p>El congreso constar\u00e1 de dos etapas, una virtual y otra presencial. La primera dar\u00e1 comienzo a partir del 30 junio con talleres en l\u00ednea, mientras que la segunda se desarrollar\u00e1 los d\u00edas 24, 25 y 26 de septiembre en distintas sedes.<\/p>\n<p>La UNIVIM por su parte, dise\u00f1ar\u00e1 e impartir\u00e1 el taller en l\u00ednea \u201cHerramientas que fomentan el aprendizaje colaborativo en la modalidad virtual\u201d, a trav\u00e9s de su plataforma, as\u00ed como tambi\u00e9n participar\u00e1 con el taller presencial \u201cLa Comunicaci\u00f3n en la Educaci\u00f3n Virtual\u201d.<\/p>\n<p>Otra responsabilidad, ser\u00e1 \u00a0coordinar las mesas de trabajo que se abrir\u00e1n en el eje tem\u00e1tico \u201cExperiencias innovadoras en entornos virtuales\u201d actividad a la que le dar\u00e1 seguimiento la Direcci\u00f3n de Planeaci\u00f3n y Vinculaci\u00f3n, as\u00ed lo inform\u00f3 el director acad\u00e9mico de esta instituci\u00f3n, Germ\u00e1n Ram\u00edrez.<\/p>\n","protected":false},"excerpt":{"rendered":"<p>La Universidad Virtual del Estado de Michoac\u00e1n (UNIVIM), participar\u00e1 en el II Congreso Internacional \u201cLa educaci\u00f3n en entornos virtuales, retos y prospectivas\u201d, que se llevar\u00e1 a cabo en el mes de septiembre y que es organizado por la Universidad Pedag\u00f3gica Nacional (UPN).<\/p>\n","protected":false},"author":1,"featured_media":0,"comment_status":"open","ping_status":"open","sticky":false,"template":"","format":"standard","meta":{"footnotes":""},"categories":[14,3],"tags":[],"class_list":["post-7163","post","type-post","status-publish","format-standard","hentry","category-destacadas","category-gobierno-del-estado-de-michoacan"],"_links":{"self":[{"href":"https:\/\/radiowebmx.com\/nota\/wp-json\/wp\/v2\/posts\/7163","targetHints":{"allow":["GET"]}}],"collection":[{"href":"https:\/\/radiowebmx.com\/nota\/wp-json\/wp\/v2\/posts"}],"about":[{"href":"https:\/\/radiowebmx.com\/nota\/wp-json\/wp\/v2\/types\/post"}],"author":[{"embeddable":true,"href":"https:\/\/radiowebmx.com\/nota\/wp-json\/wp\/v2\/users\/1"}],"replies":[{"embeddable":true,"href":"https:\/\/radiowebmx.com\/nota\/wp-json\/wp\/v2\/comments?post=7163"}],"version-history":[{"count":1,"href":"https:\/\/radiowebmx.com\/nota\/wp-json\/wp\/v2\/posts\/7163\/revisions"}],"predecessor-version":[{"id":7165,"href":"https:\/\/radiowebmx.com\/nota\/wp-json\/wp\/v2\/posts\/7163\/revisions\/7165"}],"wp:attachment":[{"href":"https:\/\/radiowebmx.com\/nota\/wp-json\/wp\/v2\/media?parent=7163"}],"wp:term":[{"taxonomy":"category","embeddable":true,"href":"https:\/\/radiowebmx.com\/nota\/wp-json\/wp\/v2\/categories?post=7163"},{"taxonomy":"post_tag","embeddable":true,"href":"https:\/\/radiowebmx.com\/nota\/wp-json\/wp\/v2\/tags?post=7163"}],"curies":[{"name":"wp","href":"https:\/\/api.w.org\/{rel}","templated":true}]}}