{"id":71623,"date":"2024-11-07T19:59:09","date_gmt":"2024-11-08T01:59:09","guid":{"rendered":"https:\/\/radiowebmx.com\/nota\/?p=71623"},"modified":"2024-11-07T19:59:13","modified_gmt":"2024-11-08T01:59:13","slug":"supervisa-bedolla-puente-de-villas-del-pedregal-destaca-beneficio-para-125-mil-habitantes","status":"publish","type":"post","link":"https:\/\/radiowebmx.com\/nota\/supervisa-bedolla-puente-de-villas-del-pedregal-destaca-beneficio-para-125-mil-habitantes\/","title":{"rendered":"Supervisa Bedolla puente de Villas del Pedregal; destaca beneficio para 125 mil habitantes"},"content":{"rendered":"\n<p>Morelia, Michoac\u00e1n, 7 de noviembre de 2024.- Luego de supervisar el puente vehicular de Villas del Pedregal, el cual registra un 68 por ciento de avance, el gobernador Alfredo Ram\u00edrez Bedolla se\u00f1al\u00f3 que esta obra beneficiar\u00e1 a m\u00e1s de 125 mil habitantes de la zona poniente de la capital michoacana.<\/p>\n\n\n\n<figure class=\"wp-block-image size-full is-resized\"><a href=\"https:\/\/radiowebmx.com\/nota\/wp-content\/uploads\/2024\/11\/image-12.png\"><img loading=\"lazy\" decoding=\"async\" width=\"945\" height=\"630\" src=\"https:\/\/radiowebmx.com\/nota\/wp-content\/uploads\/2024\/11\/image-12.png\" alt=\"\" class=\"wp-image-71625\" style=\"aspect-ratio:1.5;width:330px;height:auto\" srcset=\"https:\/\/radiowebmx.com\/nota\/wp-content\/uploads\/2024\/11\/image-12.png 945w, https:\/\/radiowebmx.com\/nota\/wp-content\/uploads\/2024\/11\/image-12-595x397.png 595w, https:\/\/radiowebmx.com\/nota\/wp-content\/uploads\/2024\/11\/image-12-768x512.png 768w\" sizes=\"auto, (max-width: 945px) 100vw, 945px\" \/><\/a><\/figure>\n\n\n\n<p>Acompa\u00f1ado del secretario de Comunicaciones y Obras P\u00fablicas, Rogelio Zaraz\u00faa S\u00e1nchez, el mandatario realiz\u00f3 un recorrido por dicha obra en la que el Gobierno del Estado invierte 296 millones de pesos, la cual estar\u00e1 concluida durante los primeros meses del pr\u00f3ximo a\u00f1o.<\/p>\n\n\n\n<p>Ram\u00edrez Bedolla destac\u00f3 que este puente dar\u00e1 soluci\u00f3n a un problema vial de m\u00e1s de 15 a\u00f1os que se registraba en la zona, con lo que se evitar\u00e1n accidentes y la congesti\u00f3n vehicular.<\/p>\n\n\n\n<figure class=\"wp-block-image size-full is-resized\"><a href=\"https:\/\/radiowebmx.com\/nota\/wp-content\/uploads\/2024\/11\/image-13.png\"><img loading=\"lazy\" decoding=\"async\" width=\"945\" height=\"630\" src=\"https:\/\/radiowebmx.com\/nota\/wp-content\/uploads\/2024\/11\/image-13.png\" alt=\"\" class=\"wp-image-71626\" style=\"aspect-ratio:1.5;width:309px;height:auto\" srcset=\"https:\/\/radiowebmx.com\/nota\/wp-content\/uploads\/2024\/11\/image-13.png 945w, https:\/\/radiowebmx.com\/nota\/wp-content\/uploads\/2024\/11\/image-13-595x397.png 595w, https:\/\/radiowebmx.com\/nota\/wp-content\/uploads\/2024\/11\/image-13-768x512.png 768w\" sizes=\"auto, (max-width: 945px) 100vw, 945px\" \/><\/a><\/figure>\n\n\n\n<p>Refiri\u00f3 que se mejorar\u00e1 la calidad de vida de los habitantes de esta zona, ya que en el bajopuente se contar\u00e1 con accesibilidad universal para peatones, ciclistas y personas con discapacidad.<\/p>\n\n\n\n<p>En tanto, Zaraz\u00faa S\u00e1nchez expuso que una vez concluidos los trabajos se tendr\u00e1n laterales de concreto hidr\u00e1ulico, mientras que la conformaci\u00f3n de rampas sigue avanzando y se desarrolla el colando las columnas para la estructura.<\/p>\n\n\n\n<figure class=\"wp-block-image size-full is-resized\"><a href=\"https:\/\/radiowebmx.com\/nota\/wp-content\/uploads\/2024\/11\/image-11.png\"><img loading=\"lazy\" decoding=\"async\" width=\"945\" height=\"586\" src=\"https:\/\/radiowebmx.com\/nota\/wp-content\/uploads\/2024\/11\/image-11.png\" alt=\"\" class=\"wp-image-71624\" style=\"aspect-ratio:1.6126279863481228;width:296px;height:auto\" srcset=\"https:\/\/radiowebmx.com\/nota\/wp-content\/uploads\/2024\/11\/image-11.png 945w, https:\/\/radiowebmx.com\/nota\/wp-content\/uploads\/2024\/11\/image-11-595x369.png 595w, https:\/\/radiowebmx.com\/nota\/wp-content\/uploads\/2024\/11\/image-11-768x476.png 768w\" sizes=\"auto, (max-width: 945px) 100vw, 945px\" \/><\/a><\/figure>\n","protected":false},"excerpt":{"rendered":"<p>Morelia, Michoac\u00e1n, 7 de noviembre de 2024.- Luego de supervisar el puente vehicular de Villas del Pedregal, el cual registra un 68 por ciento de avance, el gobernador Alfredo Ram\u00edrez Bedolla se\u00f1al\u00f3 que esta obra beneficiar\u00e1 a m\u00e1s de 125 mil habitantes de la zona poniente de la capital michoacana. Acompa\u00f1ado del secretario de Comunicaciones [&hellip;]<\/p>\n","protected":false},"author":2,"featured_media":71627,"comment_status":"closed","ping_status":"closed","sticky":false,"template":"","format":"standard","meta":{"footnotes":""},"categories":[3],"tags":[],"class_list":["post-71623","post","type-post","status-publish","format-standard","has-post-thumbnail","hentry","category-gobierno-del-estado-de-michoacan"],"_links":{"self":[{"href":"https:\/\/radiowebmx.com\/nota\/wp-json\/wp\/v2\/posts\/71623","targetHints":{"allow":["GET"]}}],"collection":[{"href":"https:\/\/radiowebmx.com\/nota\/wp-json\/wp\/v2\/posts"}],"about":[{"href":"https:\/\/radiowebmx.com\/nota\/wp-json\/wp\/v2\/types\/post"}],"author":[{"embeddable":true,"href":"https:\/\/radiowebmx.com\/nota\/wp-json\/wp\/v2\/users\/2"}],"replies":[{"embeddable":true,"href":"https:\/\/radiowebmx.com\/nota\/wp-json\/wp\/v2\/comments?post=71623"}],"version-history":[{"count":1,"href":"https:\/\/radiowebmx.com\/nota\/wp-json\/wp\/v2\/posts\/71623\/revisions"}],"predecessor-version":[{"id":71628,"href":"https:\/\/radiowebmx.com\/nota\/wp-json\/wp\/v2\/posts\/71623\/revisions\/71628"}],"wp:featuredmedia":[{"embeddable":true,"href":"https:\/\/radiowebmx.com\/nota\/wp-json\/wp\/v2\/media\/71627"}],"wp:attachment":[{"href":"https:\/\/radiowebmx.com\/nota\/wp-json\/wp\/v2\/media?parent=71623"}],"wp:term":[{"taxonomy":"category","embeddable":true,"href":"https:\/\/radiowebmx.com\/nota\/wp-json\/wp\/v2\/categories?post=71623"},{"taxonomy":"post_tag","embeddable":true,"href":"https:\/\/radiowebmx.com\/nota\/wp-json\/wp\/v2\/tags?post=71623"}],"curies":[{"name":"wp","href":"https:\/\/api.w.org\/{rel}","templated":true}]}}