{"id":7161,"date":"2014-05-22T11:38:53","date_gmt":"2014-05-22T16:38:53","guid":{"rendered":"https:\/\/radiowebmx.com\/nota\/?p=7161"},"modified":"2014-05-22T11:38:53","modified_gmt":"2014-05-22T16:38:53","slug":"nueva-ley-de-la-cedh-a-la-vanguardia-ante-necesidades-de-los-michoacanos-laura-gonzalez","status":"publish","type":"post","link":"https:\/\/radiowebmx.com\/nota\/nueva-ley-de-la-cedh-a-la-vanguardia-ante-necesidades-de-los-michoacanos-laura-gonzalez\/","title":{"rendered":"Nueva Ley de la CEDH a la vanguardia ante necesidades de los michoacanos: Laura Gonz\u00e1lez"},"content":{"rendered":"<p><a href=\"https:\/\/radiowebmx.com\/nota\/wp-content\/uploads\/2013\/02\/Dip.-Laura-Gonz\u00e1lez-Mtz.jpg\"><img loading=\"lazy\" decoding=\"async\" class=\"alignleft size-full wp-image-1376\" alt=\"Dip. Laura Gonz\u00e1lez Mtz\" src=\"https:\/\/radiowebmx.com\/nota\/wp-content\/uploads\/2013\/02\/Dip.-Laura-Gonz\u00e1lez-Mtz.jpg\" width=\"591\" height=\"526\" \/><\/a>Mediante un trabajo previo propuesto por los diputados integrantes de la Comisi\u00f3n Legislativa de Derechos Humanos del Congreso del Estado, Antonio Sosa L\u00f3pez, as\u00ed como Eleazar Aparicio Tercero y Laura Gonz\u00e1lez Mart\u00ednez; la entidad contar\u00e1 con una Ley de la Comisi\u00f3n Estatal de los Derechos Humanos del Estado de Michoac\u00e1n, que est\u00e9 a la vanguardia y cubra mayores necesidades de los ciudadanos, as\u00ed lo manifest\u00f3 la diputada Laura Gonz\u00e1lez Mart\u00ednez.<\/p>\n<p>Con aprobaci\u00f3n del dictamen propuesto por las Comisiones Unidas de Derechos Humanos y Migraci\u00f3n en el Congreso del Estado, la entidad contar\u00e1 con una Ley de la Comisi\u00f3n Estatal de los Derechos Humanos del Estado de Michoac\u00e1n, que est\u00e9 a la vanguardia y cubra mayores necesidades de los ciudadanos, as\u00ed lo manifest\u00f3 la diputada Laura Gonz\u00e1lez Mart\u00ednez.<\/p>\n<p>Luego que en sesi\u00f3n ordinaria, el Pleno del Poder Legislativo aprobara por unanimidad el dictamen mediante el cual propone un nueva Ley de la Comisi\u00f3n Estatal de los Derechos Humanos, \u201cdichas disposiciones buscan mejorar la eficiencia, eficacia, estructura y pr\u00e1ctica de dicha instituci\u00f3n, que es parte fundamental, el trabajo de \u00e9stas comisiones y en la vida de los michoacanos\u201d, expres\u00f3 la Presidenta de la Comisi\u00f3n de Derechos Humanos del Poder Legislativo.<\/p>\n<p>Resalt\u00f3 que dentro de la nueva norma, se establece la obligaci\u00f3n de la Comisi\u00f3n Estatal de Derechos Humanos (CEDH), por garantizar el derecho a la informaci\u00f3n p\u00fablica, privilegiando el principio de m\u00e1xima publicidad, a efectos de cumplir con la transparencia y rendici\u00f3n de cuentas, pero siempre manejando de manera confidencial la informaci\u00f3n y documentaci\u00f3n relativa a los asuntos de su competencia.<\/p>\n<p>Asimismo, la parlamentaria albiazul dijo que ahora la CEDH deber\u00e1 formular y presentar su anteproyecto de Presupuesto Anual de Egresos a consideraci\u00f3n del Consejo para su confirmaci\u00f3n, mismo que ser\u00e1 ratificado oportunamente por el Congreso del Estado, para su revisi\u00f3n y an\u00e1lisis, facultad que anteriormente reca\u00eda en el Poder Ejecutivo, \u201cel cual debe ser elaborado bajo los principios de racionalidad, austeridad, proporcionalidad, equidad, certeza y motivaci\u00f3n, que logren evitar los excesos y la discrecionalidad\u201d, destac\u00f3.<\/p>\n<p>Gonz\u00e1lez Mart\u00ednez, resalt\u00f3 que otro de los complementos que presenta la nueva ley, es la creaci\u00f3n de la Subcoordinaci\u00f3n de Medicaci\u00f3n y Conciliaci\u00f3n, con la finalidad de procurar la conciliaci\u00f3n entre las partes en la misma audiencia de ofrecimiento, admisi\u00f3n y desahogo de pruebas, previo al desarrollo de la misma, \u201csimplificando el procedimiento lo que se traducir\u00e1 en mayor numero de casos resueltos, y de esta forma se agilizan los tr\u00e1mites, ya que la autoridad correspondiente podr\u00e1 manifestar verbalmente lo conveniente\u201d, puntualiz\u00f3.<\/p>\n<p>La tambi\u00e9n Vicepresidenta del poder Legislativo en la entidad, subray\u00f3 que con dicha legislaci\u00f3n, cualquier persona podr\u00e1 denunciar presuntas violaciones a los derechos humanos y acudir ante las oficinas de la Comisi\u00f3n para presentar, ya sea directamente o por medio de un representante, quejas contra dichas violaciones, en el caso de que el interesado est\u00e9 privado de su libertad o se desconozca su paradero, los hechos se podr\u00e1n denunciar por los familiares o vecinos de los afectados, inclusive por menores de edad.<\/p>\n<p>Para concluir, Gonz\u00e1lez Mart\u00ednez dijo que esta nueva normativa que entrar\u00e1 en vigor al d\u00eda siguiente de su publicaci\u00f3n en el Peri\u00f3dico Oficial, se\u00f1ala el procedimiento puntual para la elecci\u00f3n del Presidente y de los Consejeros de la Comisi\u00f3n Estatal, \u201cespecificando que no debe desempe\u00f1ar ni haber desempe\u00f1ado el cargo de Gobernador, Procurador General de Justicia del Estado, ni tampoco titular de las dependencias b\u00e1sicas del Ejecutivo, diputado, ni haber sido dirigente o candidato de partido pol\u00edtico alguno, en el a\u00f1o anterior de su elecci\u00f3n\u201d.<\/p>\n<p>Finalmente, enfatiz\u00f3 en la relevancia que trae consigo la Ley de la Comisi\u00f3n Estatal de los Derechos Humanos del Estado, misma que est\u00e1 elaborada de acuerdo a las necesidades actuales que se tienen en el Estado, \u201ces una ley a la vanguardia, se toman en cuenta mayores herramientas tecnol\u00f3gicas, as\u00ed como elementos b\u00e1sicos que ayudar\u00e1n a proporcionar una mejor atenci\u00f3n y eficiencia a los michoacanos\u201d, agreg\u00f3.<\/p>\n","protected":false},"excerpt":{"rendered":"<p>Mediante un trabajo previo propuesto por los diputados integrantes de la Comisi\u00f3n Legislativa de Derechos Humanos del Congreso del Estado, Antonio Sosa L\u00f3pez, as\u00ed como Eleazar Aparicio Tercero y Laura Gonz\u00e1lez Mart\u00ednez; <\/p>\n","protected":false},"author":1,"featured_media":0,"comment_status":"open","ping_status":"open","sticky":false,"template":"","format":"standard","meta":{"footnotes":""},"categories":[6,14,8],"tags":[],"class_list":["post-7161","post","type-post","status-publish","format-standard","hentry","category-congreso-del-estado","category-destacadas","category-grupo-parlamentario-del-pan"],"_links":{"self":[{"href":"https:\/\/radiowebmx.com\/nota\/wp-json\/wp\/v2\/posts\/7161","targetHints":{"allow":["GET"]}}],"collection":[{"href":"https:\/\/radiowebmx.com\/nota\/wp-json\/wp\/v2\/posts"}],"about":[{"href":"https:\/\/radiowebmx.com\/nota\/wp-json\/wp\/v2\/types\/post"}],"author":[{"embeddable":true,"href":"https:\/\/radiowebmx.com\/nota\/wp-json\/wp\/v2\/users\/1"}],"replies":[{"embeddable":true,"href":"https:\/\/radiowebmx.com\/nota\/wp-json\/wp\/v2\/comments?post=7161"}],"version-history":[{"count":1,"href":"https:\/\/radiowebmx.com\/nota\/wp-json\/wp\/v2\/posts\/7161\/revisions"}],"predecessor-version":[{"id":7162,"href":"https:\/\/radiowebmx.com\/nota\/wp-json\/wp\/v2\/posts\/7161\/revisions\/7162"}],"wp:attachment":[{"href":"https:\/\/radiowebmx.com\/nota\/wp-json\/wp\/v2\/media?parent=7161"}],"wp:term":[{"taxonomy":"category","embeddable":true,"href":"https:\/\/radiowebmx.com\/nota\/wp-json\/wp\/v2\/categories?post=7161"},{"taxonomy":"post_tag","embeddable":true,"href":"https:\/\/radiowebmx.com\/nota\/wp-json\/wp\/v2\/tags?post=7161"}],"curies":[{"name":"wp","href":"https:\/\/api.w.org\/{rel}","templated":true}]}}