{"id":71598,"date":"2024-11-07T19:18:04","date_gmt":"2024-11-08T01:18:04","guid":{"rendered":"https:\/\/radiowebmx.com\/nota\/?p=71598"},"modified":"2024-11-07T19:18:08","modified_gmt":"2024-11-08T01:18:08","slug":"orgullo-michoacano-alumnas-del-cecytem-ganan-maximo-galardon-en-concurso-de-ciencia","status":"publish","type":"post","link":"https:\/\/radiowebmx.com\/nota\/orgullo-michoacano-alumnas-del-cecytem-ganan-maximo-galardon-en-concurso-de-ciencia\/","title":{"rendered":"\u00a1Orgullo michoacano! Alumnas del Cecytem ganan m\u00e1ximo galard\u00f3n en concurso de ciencia"},"content":{"rendered":"\n<p>\u2022 Con proyecto presentado en Argentina para combatir el hongo causante de la gastritis cr\u00f3nica y el c\u00e1ncer g\u00e1strico<\/p>\n\n\n\n<p>Buenos Aires, Argentina, 4 de noviembre de 2024.- Con un proyecto para combatir el hongo causante de la gastritis cr\u00f3nica y el c\u00e1ncer g\u00e1strico, alumnas del Colegio de Estudios Cient\u00edficos y Tecnol\u00f3gicos del Estado de Michoac\u00e1n (Cecytem) ganaron medalla de platino en el concurso cient\u00edfico Infomatrix Argentina 2024.<\/p>\n\n\n\n<p>Jassimine Morales Berber y Daniela Carre\u00f3n Cuevas, estudiantes de la carrera t\u00e9cnica en Producci\u00f3n Industrial de Alimentos del plantel Penjamillo, representaron a M\u00e9xico en este evento realizado en Realic\u00f3, provincia de La Pampa, Argentina, del 29 de octubre al 2 de noviembre, consiguiendo el m\u00e1ximo galard\u00f3n con el proyecto Baclory en la categor\u00eda de Ciencia Aplicada.<\/p>\n\n\n\n<figure class=\"wp-block-image size-full is-resized\"><a href=\"https:\/\/radiowebmx.com\/nota\/wp-content\/uploads\/2024\/11\/image-7.png\"><img loading=\"lazy\" decoding=\"async\" width=\"591\" height=\"758\" src=\"https:\/\/radiowebmx.com\/nota\/wp-content\/uploads\/2024\/11\/image-7.png\" alt=\"\" class=\"wp-image-71599\" style=\"aspect-ratio:0.7796833773087071;width:245px;height:auto\"\/><\/a><\/figure>\n\n\n\n<p>\u201cGracias a su esfuerzo, dedicaci\u00f3n y talento obtuvieron la medalla de platino, nos sentimos orgullosos de su triunfo, una vez m\u00e1s se demuestra que en nuestras aulas tenemos a j\u00f3venes de talla mundial\u201d, celebr\u00f3 el director general del Cecytem, Juan Carlos Velasco Procell.<\/p>\n\n\n\n<figure class=\"wp-block-image size-full is-resized\"><a href=\"https:\/\/radiowebmx.com\/nota\/wp-content\/uploads\/2024\/11\/image-8.png\"><img loading=\"lazy\" decoding=\"async\" width=\"591\" height=\"787\" src=\"https:\/\/radiowebmx.com\/nota\/wp-content\/uploads\/2024\/11\/image-8.png\" alt=\"\" class=\"wp-image-71600\" style=\"aspect-ratio:0.7509529860228716;width:247px;height:auto\" srcset=\"https:\/\/radiowebmx.com\/nota\/wp-content\/uploads\/2024\/11\/image-8.png 591w, https:\/\/radiowebmx.com\/nota\/wp-content\/uploads\/2024\/11\/image-8-480x640.png 480w\" sizes=\"auto, (max-width: 591px) 100vw, 591px\" \/><\/a><\/figure>\n\n\n\n<p>Destac\u00f3 que en el Cecytem se ofrece educaci\u00f3n de calidad como parte de la pol\u00edtica educativa del gobernador Alfredo Ram\u00edrez Bedolla. \u201cLa participaci\u00f3n de nuestros estudiantes en este prestigioso evento demuestra el talento y la capacidad de innovaci\u00f3n de la juventud de Michoac\u00e1n en el \u00e1mbito de las ciencias, posicion\u00e1ndose como referentes a nivel internacional\u201d, agreg\u00f3.<\/p>\n\n\n\n<p>En el evento organizado por la Sociedad Latinoam\u00e9rica de Ciencia y Tecnolog\u00eda (Solacyt), las alumnas del Cecytem compitieron con 165 proyectos que presentaron m\u00e1s de 500 j\u00f3venes de pa\u00edses como Argentina, Bolivia, Brasil, Chile, Colombia, Ecuador y Espa\u00f1a.<\/p>\n","protected":false},"excerpt":{"rendered":"<p>\u2022 Con proyecto presentado en Argentina para combatir el hongo causante de la gastritis cr\u00f3nica y el c\u00e1ncer g\u00e1strico Buenos Aires, Argentina, 4 de noviembre de 2024.- Con un proyecto para combatir el hongo causante de la gastritis cr\u00f3nica y el c\u00e1ncer g\u00e1strico, alumnas del Colegio de Estudios Cient\u00edficos y Tecnol\u00f3gicos del Estado de Michoac\u00e1n [&hellip;]<\/p>\n","protected":false},"author":2,"featured_media":71601,"comment_status":"closed","ping_status":"closed","sticky":false,"template":"","format":"standard","meta":{"footnotes":""},"categories":[14],"tags":[],"class_list":["post-71598","post","type-post","status-publish","format-standard","has-post-thumbnail","hentry","category-destacadas"],"_links":{"self":[{"href":"https:\/\/radiowebmx.com\/nota\/wp-json\/wp\/v2\/posts\/71598","targetHints":{"allow":["GET"]}}],"collection":[{"href":"https:\/\/radiowebmx.com\/nota\/wp-json\/wp\/v2\/posts"}],"about":[{"href":"https:\/\/radiowebmx.com\/nota\/wp-json\/wp\/v2\/types\/post"}],"author":[{"embeddable":true,"href":"https:\/\/radiowebmx.com\/nota\/wp-json\/wp\/v2\/users\/2"}],"replies":[{"embeddable":true,"href":"https:\/\/radiowebmx.com\/nota\/wp-json\/wp\/v2\/comments?post=71598"}],"version-history":[{"count":1,"href":"https:\/\/radiowebmx.com\/nota\/wp-json\/wp\/v2\/posts\/71598\/revisions"}],"predecessor-version":[{"id":71602,"href":"https:\/\/radiowebmx.com\/nota\/wp-json\/wp\/v2\/posts\/71598\/revisions\/71602"}],"wp:featuredmedia":[{"embeddable":true,"href":"https:\/\/radiowebmx.com\/nota\/wp-json\/wp\/v2\/media\/71601"}],"wp:attachment":[{"href":"https:\/\/radiowebmx.com\/nota\/wp-json\/wp\/v2\/media?parent=71598"}],"wp:term":[{"taxonomy":"category","embeddable":true,"href":"https:\/\/radiowebmx.com\/nota\/wp-json\/wp\/v2\/categories?post=71598"},{"taxonomy":"post_tag","embeddable":true,"href":"https:\/\/radiowebmx.com\/nota\/wp-json\/wp\/v2\/tags?post=71598"}],"curies":[{"name":"wp","href":"https:\/\/api.w.org\/{rel}","templated":true}]}}