{"id":71588,"date":"2024-11-07T19:02:28","date_gmt":"2024-11-08T01:02:28","guid":{"rendered":"https:\/\/radiowebmx.com\/nota\/?p=71588"},"modified":"2024-11-07T19:02:31","modified_gmt":"2024-11-08T01:02:31","slug":"se-fortalece-relacion-comercial-empresarial-y-turistica-entre-michoacan-y-la-union-europea-bedolla","status":"publish","type":"post","link":"https:\/\/radiowebmx.com\/nota\/se-fortalece-relacion-comercial-empresarial-y-turistica-entre-michoacan-y-la-union-europea-bedolla\/","title":{"rendered":"Se fortalece relaci\u00f3n comercial, empresarial y tur\u00edstica entre Michoac\u00e1n y la Uni\u00f3n Europea: Bedolla"},"content":{"rendered":"\n<p>Morelia, Michoac\u00e1n, 4 de noviembre de 2024.- Michoac\u00e1n se encuentra listo para mostrar al mundo sus productos, se\u00f1al\u00f3 el gobernador Alfredo Ram\u00edrez Bedolla, al puntualizar que con la gira por Italia y Suecia se fortaleci\u00f3 la relaci\u00f3n comercial, empresarial y tur\u00edstica entre Michoac\u00e1n, tras concretarse la firma de convenios para la atracci\u00f3n empresarial, alianzas comerciales y acuerdos para la exportaci\u00f3n de productos como el aguacate, lim\u00f3n y las berries.<\/p>\n\n\n\n<p>El mandatario refiri\u00f3 que la gira de trabajo por las ciudades italianas de Roma, Reggio Emilia y Vipiteno, y por las suecas Estocolmo y S\u00f6dert\u00e4lje, se efectuaron acciones para promover al estado como parte de las labores de fortalecimiento productivo, econ\u00f3mico y tur\u00edstico, con lo cual se proyecta a Michoac\u00e1n en el mapa de inversiones extranjeras.<\/p>\n\n\n\n<figure class=\"wp-block-image size-full is-resized\"><a href=\"https:\/\/radiowebmx.com\/nota\/wp-content\/uploads\/2024\/11\/image-5.png\"><img loading=\"lazy\" decoding=\"async\" width=\"945\" height=\"630\" src=\"https:\/\/radiowebmx.com\/nota\/wp-content\/uploads\/2024\/11\/image-5.png\" alt=\"\" class=\"wp-image-71589\" style=\"aspect-ratio:1.5;width:388px;height:auto\" srcset=\"https:\/\/radiowebmx.com\/nota\/wp-content\/uploads\/2024\/11\/image-5.png 945w, https:\/\/radiowebmx.com\/nota\/wp-content\/uploads\/2024\/11\/image-5-595x397.png 595w, https:\/\/radiowebmx.com\/nota\/wp-content\/uploads\/2024\/11\/image-5-768x512.png 768w\" sizes=\"auto, (max-width: 945px) 100vw, 945px\" \/><\/a><\/figure>\n\n\n\n<p>Destac\u00f3 que durante la gira se sostuvieron reuniones con el embajador de M\u00e9xico en Italia, Carlos Garc\u00eda de Alba y la presidenta de la C\u00e1mara de Comercio de M\u00e9xico en Italia (CaMexItal), Letizia Magaldi, con quien se firm\u00f3 un convenio de coordinaci\u00f3n para la atracci\u00f3n de empresas italianas en Michoac\u00e1n.<\/p>\n\n\n\n<p>Mientras que, en Reggio Emilia, el presidente de Organizaci\u00f3n para una Red Internacional de Indicaciones Geogr\u00e1ficas (OriGIn) y director general del Consorcio Parmigiano Reggiano, Riccardo Deserti, inform\u00f3 la determinaci\u00f3n de realizar en 2025 en Morelia su reuni\u00f3n general bianual, donde participar\u00e1n alrededor de 600 productores e instituciones asociadas de 40 pa\u00edses del mundo.<\/p>\n\n\n\n<p>De igual forma, productores de queso Cotija y Parmigiano Reggiano, forjaron alianza y compartieron experiencias de la elaboraci\u00f3n artesanal y certificaci\u00f3n de estos quesos; y en Vipiteno, el mandatario y la secretaria de Desarrollo Urbano y Movilidad, Gladyz Butanda Mac\u00edas visitaron la planta de Leitner, empresa italiana que construir\u00e1 el telef\u00e9rico de Morelia.<\/p>\n\n\n\n<p>Adem\u00e1s, en esta gira por Italia se acord\u00f3 la participaci\u00f3n de cocineras tradicionales de Michoac\u00e1n en el noveno Foro Mundial de la Gastronom\u00eda Mexicana, a realizarse en Calabria, Italia del 29 de noviembre al 1 de diciembre de este a\u00f1o.<\/p>\n\n\n\n<p>En tanto, en Suecia el gobernador Alfredo Ram\u00edrez Bedolla e integrantes de la C\u00e1mara del Comercio de Estocolmo estrecharon coordinaci\u00f3n para apoyar el desarrollo, certificaci\u00f3n y exportaci\u00f3n de productos como el aguacate, lim\u00f3n y las berries.<\/p>\n\n\n\n<p>Es as\u00ed que se expusieron ventajas competitivas para la inversi\u00f3n en el puerto a Business Sweden, organizaci\u00f3n p\u00fablico privada especializada en la expansi\u00f3n internacional; mientras que con el gerente regional de la empresa sueca Scania Mining, Daniel Henriksson, acordaron visitar a principios de 2025 el puerto de L\u00e1zaro C\u00e1rdenas ante la posibilidad de extender en Michoac\u00e1n sus operaciones y la venta de veh\u00edculos de transporte sostenible.<\/p>\n\n\n\n<p>Con integrantes de Food Collective, organizaci\u00f3n sueca que promueve la comercializaci\u00f3n de productos agr\u00edcolas en fresco, procesados y congelados, trazaron ruta de trabajo para exportar lim\u00f3n michoacano al pa\u00eds europeo y en el primer trimestre de 2025 se formalizar\u00eda un convenio de colaboraci\u00f3n.<\/p>\n\n\n\n<p>Mientras que, con la directora general para las Pol\u00edticas Comerciales del Ministerio de Comercio y Cooperaci\u00f3n Internacional de Estocolmo, Camilla Mellander, acordaron fortalecer v\u00ednculos para la cooperaci\u00f3n comercial entre Michoac\u00e1n y Suecia.<\/p>\n","protected":false},"excerpt":{"rendered":"<p>Morelia, Michoac\u00e1n, 4 de noviembre de 2024.- Michoac\u00e1n se encuentra listo para mostrar al mundo sus productos, se\u00f1al\u00f3 el gobernador Alfredo Ram\u00edrez Bedolla, al puntualizar que con la gira por Italia y Suecia se fortaleci\u00f3 la relaci\u00f3n comercial, empresarial y tur\u00edstica entre Michoac\u00e1n, tras concretarse la firma de convenios para la atracci\u00f3n empresarial, alianzas comerciales [&hellip;]<\/p>\n","protected":false},"author":2,"featured_media":71590,"comment_status":"closed","ping_status":"closed","sticky":false,"template":"","format":"standard","meta":{"footnotes":""},"categories":[3],"tags":[],"class_list":["post-71588","post","type-post","status-publish","format-standard","has-post-thumbnail","hentry","category-gobierno-del-estado-de-michoacan"],"_links":{"self":[{"href":"https:\/\/radiowebmx.com\/nota\/wp-json\/wp\/v2\/posts\/71588","targetHints":{"allow":["GET"]}}],"collection":[{"href":"https:\/\/radiowebmx.com\/nota\/wp-json\/wp\/v2\/posts"}],"about":[{"href":"https:\/\/radiowebmx.com\/nota\/wp-json\/wp\/v2\/types\/post"}],"author":[{"embeddable":true,"href":"https:\/\/radiowebmx.com\/nota\/wp-json\/wp\/v2\/users\/2"}],"replies":[{"embeddable":true,"href":"https:\/\/radiowebmx.com\/nota\/wp-json\/wp\/v2\/comments?post=71588"}],"version-history":[{"count":1,"href":"https:\/\/radiowebmx.com\/nota\/wp-json\/wp\/v2\/posts\/71588\/revisions"}],"predecessor-version":[{"id":71591,"href":"https:\/\/radiowebmx.com\/nota\/wp-json\/wp\/v2\/posts\/71588\/revisions\/71591"}],"wp:featuredmedia":[{"embeddable":true,"href":"https:\/\/radiowebmx.com\/nota\/wp-json\/wp\/v2\/media\/71590"}],"wp:attachment":[{"href":"https:\/\/radiowebmx.com\/nota\/wp-json\/wp\/v2\/media?parent=71588"}],"wp:term":[{"taxonomy":"category","embeddable":true,"href":"https:\/\/radiowebmx.com\/nota\/wp-json\/wp\/v2\/categories?post=71588"},{"taxonomy":"post_tag","embeddable":true,"href":"https:\/\/radiowebmx.com\/nota\/wp-json\/wp\/v2\/tags?post=71588"}],"curies":[{"name":"wp","href":"https:\/\/api.w.org\/{rel}","templated":true}]}}