{"id":71585,"date":"2024-11-01T21:31:04","date_gmt":"2024-11-02T03:31:04","guid":{"rendered":"https:\/\/radiowebmx.com\/nota\/?p=71585"},"modified":"2024-11-01T21:31:23","modified_gmt":"2024-11-02T03:31:23","slug":"capula-destaca-con-su-feria-de-la-catrina","status":"publish","type":"post","link":"https:\/\/radiowebmx.com\/nota\/capula-destaca-con-su-feria-de-la-catrina\/","title":{"rendered":"Capula destaca con su Feria de la Catrina"},"content":{"rendered":"\n<p><strong>Artesanos resaltan importante afluencia y derrama econ\u00f3mica en esta edici\u00f3n.<\/strong><\/p>\n\n\n\n<p>Morelia, Michoac\u00e1n.- Tras la segunda semana de operaciones de la Feria de la Catrina en Capula, artesanos y comerciantes destacaron un importante repunte en afluencia y venta de piezas a este evento en comparaci\u00f3n con el 2023, ya que tan s\u00f3lo el d\u00eda de la inauguraci\u00f3n se tuvo una asistencia de m\u00e1s de 40 mil personas.<\/p>\n\n\n\n<p>En este sentido, Thelma Aquique Arrieta, Secretaria de Turismo, destac\u00f3 que Morelia vive uno de sus mejores momentos y que la Feria de la Catrina se suma a la serie de actividades que enmarcan el D\u00eda de Muertos en la ciudad, esto ha permitido que tenga registro de turismo proveniente de la Ciudad de M\u00e9xico, Guadalajara, Monterrey y Quer\u00e9taro, siendo estos \u00faltimos dos estados destinos interesados en adquirir piezas de concurso para diferentes galer\u00edas.<\/p>\n\n\n\n<p>Asimismo, adelant\u00f3 que tambi\u00e9n se ha podido percibir turismo internacional como China, Alemania y Brasil, y destac\u00f3 tambi\u00e9n la gran cantidad de morelianos que se han dado cita para no s\u00f3lo admirar y comprar las piezas artesanales sino tambi\u00e9n para disfrutar de la gastronom\u00eda as\u00ed como la imagen urbana y atractivos que ofrece la tenencia.<\/p>\n\n\n\n<p>Reiter\u00f3 que la feria cuenta con variedad de artesanos que elaboran loza, catrinas, distintas expresiones de barro y art\u00edsticas as\u00ed como gastronom\u00eda, adem\u00e1s que hay participantes artesanos de otras regiones del estado, en tanto que en esta edici\u00f3n se han logrando ofrecer m\u00e1s de 30 mil Catrinas en exposici\u00f3n y venta.<\/p>\n\n\n\n<p>Con base en datos proporcionados por los artesanos, en lo que va de la feria se ha tenido un 40% de incremento en las ventas de artesan\u00edas y alimentos con respecto al 2023, sumado a las presentaciones art\u00edsticas y musicales en el foro construido para esta tenencia.<\/p>\n\n\n\n<p>Por \u00faltimo, reafirm\u00f3 el compromiso del Presidente Municipal, Alfonso Mart\u00ednez Alc\u00e1zar, por continuar impulsando a esta tenencia a trav\u00e9s de obras de infraestructura como la imagen urbana ya iniciada as\u00ed como la promoci\u00f3n de sus riquezas tur\u00edsticas, artesanales y gastron\u00f3micas, las cuales ya han llegado a destinos nacionales e internacionales.<\/p>\n\n\n\n<p>Record\u00f3 que la feria concluye el pr\u00f3ximo domingo 3 de noviembre, por lo que extendi\u00f3 la invitaci\u00f3n a que asistan en familia y consuman artesan\u00eda local, para ello tambi\u00e9n se encuentra la programaci\u00f3n de esta temporada en las redes sociales Turismo Morelia Mx.<\/p>\n","protected":false},"excerpt":{"rendered":"<p>Artesanos resaltan importante afluencia y derrama econ\u00f3mica en esta edici\u00f3n. Morelia, Michoac\u00e1n.- Tras la segunda semana de operaciones de la Feria de la Catrina en Capula, artesanos y comerciantes destacaron un importante repunte en afluencia y venta de piezas a este evento en comparaci\u00f3n con el 2023, ya que tan s\u00f3lo el d\u00eda de la [&hellip;]<\/p>\n","protected":false},"author":2,"featured_media":71586,"comment_status":"closed","ping_status":"closed","sticky":false,"template":"","format":"standard","meta":{"footnotes":""},"categories":[14],"tags":[],"class_list":["post-71585","post","type-post","status-publish","format-standard","has-post-thumbnail","hentry","category-destacadas"],"_links":{"self":[{"href":"https:\/\/radiowebmx.com\/nota\/wp-json\/wp\/v2\/posts\/71585","targetHints":{"allow":["GET"]}}],"collection":[{"href":"https:\/\/radiowebmx.com\/nota\/wp-json\/wp\/v2\/posts"}],"about":[{"href":"https:\/\/radiowebmx.com\/nota\/wp-json\/wp\/v2\/types\/post"}],"author":[{"embeddable":true,"href":"https:\/\/radiowebmx.com\/nota\/wp-json\/wp\/v2\/users\/2"}],"replies":[{"embeddable":true,"href":"https:\/\/radiowebmx.com\/nota\/wp-json\/wp\/v2\/comments?post=71585"}],"version-history":[{"count":1,"href":"https:\/\/radiowebmx.com\/nota\/wp-json\/wp\/v2\/posts\/71585\/revisions"}],"predecessor-version":[{"id":71587,"href":"https:\/\/radiowebmx.com\/nota\/wp-json\/wp\/v2\/posts\/71585\/revisions\/71587"}],"wp:featuredmedia":[{"embeddable":true,"href":"https:\/\/radiowebmx.com\/nota\/wp-json\/wp\/v2\/media\/71586"}],"wp:attachment":[{"href":"https:\/\/radiowebmx.com\/nota\/wp-json\/wp\/v2\/media?parent=71585"}],"wp:term":[{"taxonomy":"category","embeddable":true,"href":"https:\/\/radiowebmx.com\/nota\/wp-json\/wp\/v2\/categories?post=71585"},{"taxonomy":"post_tag","embeddable":true,"href":"https:\/\/radiowebmx.com\/nota\/wp-json\/wp\/v2\/tags?post=71585"}],"curies":[{"name":"wp","href":"https:\/\/api.w.org\/{rel}","templated":true}]}}