{"id":71580,"date":"2024-11-01T21:27:34","date_gmt":"2024-11-02T03:27:34","guid":{"rendered":"https:\/\/radiowebmx.com\/nota\/?p=71580"},"modified":"2024-11-01T21:27:38","modified_gmt":"2024-11-02T03:27:38","slug":"entregan-113-premios-del-concurso-estatal-de-artesanias-en-patzcuaro","status":"publish","type":"post","link":"https:\/\/radiowebmx.com\/nota\/entregan-113-premios-del-concurso-estatal-de-artesanias-en-patzcuaro\/","title":{"rendered":"Entregan 113 premios del Concurso Estatal de Artesan\u00edas en P\u00e1tzcuaro"},"content":{"rendered":"\n<p><strong>\u2022 Se reparti\u00f3 una bolsa de un mdp<\/strong><\/p>\n\n\n\n<p>P\u00e1tzcuaro, Michoac\u00e1n, 1 de noviembre de 2024.- Una bolsa en premios de un mill\u00f3n de pesos se reparti\u00f3 entre las 113 personas artesanas ganadoras en diversas categor\u00edas de la edici\u00f3n 55 del Concurso Estatal de Artesan\u00edas en P\u00e1tzcuaro, en el marco de la celebraci\u00f3n de la Noche de Muertos.<\/p>\n\n\n\n<p>En representaci\u00f3n del gobernador Alfredo Ram\u00edrez Bedolla, el secretario de Turismo, Roberto Monroy Garc\u00eda, felicit\u00f3 a las y los ganadores. \u201cNos llenan de orgullo, identidad y pertenencia las y los artesanos de Michoac\u00e1n, podemos pasar horas viendo sus obras con el talento, calidad y la expresi\u00f3n que ha sido heredada, y c\u00f3mo se conserva este arte en las nuevas generaciones con sus 16 t\u00e9cnicas\u201d.<\/p>\n\n\n\n<figure class=\"wp-block-image size-large is-resized\"><a href=\"https:\/\/radiowebmx.com\/nota\/wp-content\/uploads\/2024\/11\/image-3.png\"><img loading=\"lazy\" decoding=\"async\" width=\"960\" height=\"584\" src=\"https:\/\/radiowebmx.com\/nota\/wp-content\/uploads\/2024\/11\/image-3-960x584.png\" alt=\"\" class=\"wp-image-71581\" style=\"aspect-ratio:1.645230439442658;width:343px;height:auto\" srcset=\"https:\/\/radiowebmx.com\/nota\/wp-content\/uploads\/2024\/11\/image-3-960x584.png 960w, https:\/\/radiowebmx.com\/nota\/wp-content\/uploads\/2024\/11\/image-3-595x362.png 595w, https:\/\/radiowebmx.com\/nota\/wp-content\/uploads\/2024\/11\/image-3-768x467.png 768w, https:\/\/radiowebmx.com\/nota\/wp-content\/uploads\/2024\/11\/image-3.png 1535w\" sizes=\"auto, (max-width: 960px) 100vw, 960px\" \/><\/a><\/figure>\n\n\n\n<p>Por su parte, el director general de la Casa de las Artesanias (Casart), C\u00e1stor Estrada Robles, inform\u00f3 que este a\u00f1o participaron mil 238 personas artesanas con 2 mil 178 piezas que fueron calificadas por el jurado conocedores del arte popular, quienes ayudan a reforzar acciones en espec\u00edfico en \u00e1reas de oportunidad para el sector artesanal como capacitaci\u00f3n y rescate de t\u00e9cnicas.<\/p>\n\n\n\n<p>La presidenta honoraria del Sistema para el Desarrollo Integral de la Familia (DIF), Grisel Tello Pimentel, reconoci\u00f3 el trabajo ancestral que hacen las manos talentosas del sector artesanal y refiri\u00f3 el orgullo de portar piezas de las 16 ramas artesanales.<\/p>\n\n\n\n<figure class=\"wp-block-image size-large is-resized\"><a href=\"https:\/\/radiowebmx.com\/nota\/wp-content\/uploads\/2024\/11\/image-4.png\"><img loading=\"lazy\" decoding=\"async\" width=\"960\" height=\"570\" src=\"https:\/\/radiowebmx.com\/nota\/wp-content\/uploads\/2024\/11\/image-4-960x570.png\" alt=\"\" class=\"wp-image-71582\" style=\"aspect-ratio:1.6843177189409368;width:360px;height:auto\" srcset=\"https:\/\/radiowebmx.com\/nota\/wp-content\/uploads\/2024\/11\/image-4-960x570.png 960w, https:\/\/radiowebmx.com\/nota\/wp-content\/uploads\/2024\/11\/image-4-595x353.png 595w, https:\/\/radiowebmx.com\/nota\/wp-content\/uploads\/2024\/11\/image-4-768x456.png 768w, https:\/\/radiowebmx.com\/nota\/wp-content\/uploads\/2024\/11\/image-4-1536x912.png 1536w, https:\/\/radiowebmx.com\/nota\/wp-content\/uploads\/2024\/11\/image-4.png 1654w\" sizes=\"auto, (max-width: 960px) 100vw, 960px\" \/><\/a><\/figure>\n\n\n\n<p>El alcalde de P\u00e1tzcuaro, Julio Alberto Arreola V\u00e1zquez, enfatiz\u00f3 el compromiso que tiene la administraci\u00f3n del gobernador Alfredo Ram\u00edrez Bedolla con el Pueblo M\u00e1gico de P\u00e1tzcuaro, como la obra del nuevo mercado y ahora los recorridos por los manantiales de Urand\u00e9n para dar una mejor imagen y atenci\u00f3n al turismo.<\/p>\n\n\n\n<p>La maestra artesana Rosa Hern\u00e1ndez Carlos de la localidad de San Jos\u00e9 de Gracia fue la ganadora del m\u00e1ximo premio del concurso con el galard\u00f3n Teresa D\u00e1valos con una pi\u00f1a azul de alfarer\u00eda vidriada y la maestra artesana Crispina Rita Santiago de Angahuan obtuvo el galard\u00f3n Z\u00f3calo, con un rebozo gris de algod\u00f3n brocado azul.<\/p>\n\n\n\n<p>Los reconocimientos que se entregaron a las maestras artesanas y maestros artesanos ganadores de premios especiales fueron para: Juan Valencia Villalobos, de Uruapan; Carlos Ulises Correa Saenz, de Santa Clara del Cobre; Rita Equihua Ju\u00e1rez, de Aranza; Mireya Hern\u00e1ndez Qui\u00f1ones, de Zac\u00e1n; Mar\u00eda Concepci\u00f3n Valdez Seraf\u00edn, de la localidad de Tur\u00edcuaro; Jeuddy Iv\u00e1n Caro Sevillano, de Paracho; Carolina Murillo Ordaz, de Pur\u00e9pero; y Alfonso Ponce Monroy de P\u00e1tzcuaro.<\/p>\n","protected":false},"excerpt":{"rendered":"<p>\u2022 Se reparti\u00f3 una bolsa de un mdp P\u00e1tzcuaro, Michoac\u00e1n, 1 de noviembre de 2024.- Una bolsa en premios de un mill\u00f3n de pesos se reparti\u00f3 entre las 113 personas artesanas ganadoras en diversas categor\u00edas de la edici\u00f3n 55 del Concurso Estatal de Artesan\u00edas en P\u00e1tzcuaro, en el marco de la celebraci\u00f3n de la Noche [&hellip;]<\/p>\n","protected":false},"author":2,"featured_media":71583,"comment_status":"closed","ping_status":"closed","sticky":false,"template":"","format":"standard","meta":{"footnotes":""},"categories":[14],"tags":[],"class_list":["post-71580","post","type-post","status-publish","format-standard","has-post-thumbnail","hentry","category-destacadas"],"_links":{"self":[{"href":"https:\/\/radiowebmx.com\/nota\/wp-json\/wp\/v2\/posts\/71580","targetHints":{"allow":["GET"]}}],"collection":[{"href":"https:\/\/radiowebmx.com\/nota\/wp-json\/wp\/v2\/posts"}],"about":[{"href":"https:\/\/radiowebmx.com\/nota\/wp-json\/wp\/v2\/types\/post"}],"author":[{"embeddable":true,"href":"https:\/\/radiowebmx.com\/nota\/wp-json\/wp\/v2\/users\/2"}],"replies":[{"embeddable":true,"href":"https:\/\/radiowebmx.com\/nota\/wp-json\/wp\/v2\/comments?post=71580"}],"version-history":[{"count":1,"href":"https:\/\/radiowebmx.com\/nota\/wp-json\/wp\/v2\/posts\/71580\/revisions"}],"predecessor-version":[{"id":71584,"href":"https:\/\/radiowebmx.com\/nota\/wp-json\/wp\/v2\/posts\/71580\/revisions\/71584"}],"wp:featuredmedia":[{"embeddable":true,"href":"https:\/\/radiowebmx.com\/nota\/wp-json\/wp\/v2\/media\/71583"}],"wp:attachment":[{"href":"https:\/\/radiowebmx.com\/nota\/wp-json\/wp\/v2\/media?parent=71580"}],"wp:term":[{"taxonomy":"category","embeddable":true,"href":"https:\/\/radiowebmx.com\/nota\/wp-json\/wp\/v2\/categories?post=71580"},{"taxonomy":"post_tag","embeddable":true,"href":"https:\/\/radiowebmx.com\/nota\/wp-json\/wp\/v2\/tags?post=71580"}],"curies":[{"name":"wp","href":"https:\/\/api.w.org\/{rel}","templated":true}]}}