{"id":71572,"date":"2024-11-01T21:03:14","date_gmt":"2024-11-02T03:03:14","guid":{"rendered":"https:\/\/radiowebmx.com\/nota\/?p=71572"},"modified":"2024-11-01T21:03:18","modified_gmt":"2024-11-02T03:03:18","slug":"estudiantes-del-cecytem-pondran-en-practica-conocimientos-en-el-ayuntamiento-de-charo","status":"publish","type":"post","link":"https:\/\/radiowebmx.com\/nota\/estudiantes-del-cecytem-pondran-en-practica-conocimientos-en-el-ayuntamiento-de-charo\/","title":{"rendered":"Estudiantes del Cecytem pondr\u00e1n en pr\u00e1ctica conocimientos en el Ayuntamiento de Charo"},"content":{"rendered":"\n<p><strong><em>\u2022 Tras firma de convenio realizar\u00e1n servicio social, pr\u00e1cticas profesionales y educaci\u00f3n dual<\/em><\/strong><\/p>\n\n\n\n<p>Morelia, Michoac\u00e1n, 30 de octubre de 2024.- Con la firma de un convenio entre el Colegio de Estudios Cient\u00edficos y Tecnol\u00f3gico del Estado de Michoac\u00e1n (Cecytem) y el Ayuntamiento de Charo, estudiantes del subsistema educativo podr\u00e1n realizar sus pr\u00e1cticas profesionales, servicio social y educaci\u00f3n dual.<\/p>\n\n\n\n<p>El director general del Cecytem, Juan Carlos Velasco Procell, destac\u00f3 la importancia de profesionalizar a las y los j\u00f3venes en las carreras t\u00e9cnicas que con concluyan d\u00e1ndole las herramientas y los conocimientos necesarios para que se desempe\u00f1en como expertos en su campo en el que deseen desarrollarse.<\/p>\n\n\n\n<figure class=\"wp-block-image size-full is-resized\"><a href=\"https:\/\/radiowebmx.com\/nota\/wp-content\/uploads\/2024\/11\/image-1.png\"><img loading=\"lazy\" decoding=\"async\" width=\"945\" height=\"630\" src=\"https:\/\/radiowebmx.com\/nota\/wp-content\/uploads\/2024\/11\/image-1.png\" alt=\"\" class=\"wp-image-71573\" style=\"aspect-ratio:1.5;width:369px;height:auto\" srcset=\"https:\/\/radiowebmx.com\/nota\/wp-content\/uploads\/2024\/11\/image-1.png 945w, https:\/\/radiowebmx.com\/nota\/wp-content\/uploads\/2024\/11\/image-1-595x397.png 595w, https:\/\/radiowebmx.com\/nota\/wp-content\/uploads\/2024\/11\/image-1-768x512.png 768w\" sizes=\"auto, (max-width: 945px) 100vw, 945px\" \/><\/a><\/figure>\n\n\n\n<p>&#8220;Es importante brindarles a los j\u00f3venes la vinculaci\u00f3n con las empresas, pero tambi\u00e9n con Ayuntamientos, como en este caso, para que desarrollen sus competencias profesionales, y con ello contribuir al proceso de ense\u00f1anza-aprendizaje para su formaci\u00f3n integral\u201d, dijo.<\/p>\n\n\n\n<p>El presidente municipal, Gabriel Molinero Villase\u00f1or, manifest\u00f3 que su administraci\u00f3n trabaja por el bien de los j\u00f3venes y el compromiso es la educaci\u00f3n. \u201cLa ciudadan\u00eda nos dio la confianza para servir y estamos sirviendo a las juventudes de nuestro municipio&#8221;.<\/p>\n\n\n\n<p>Se\u00f1al\u00f3 que este convenio es una excelente oportunidad para que los estudiantes se desarrollen acad\u00e9micamente en el Ayuntamiento y conozcan de cerca los procesos del quehacer p\u00fablico administrativo.<\/p>\n","protected":false},"excerpt":{"rendered":"<p>\u2022 Tras firma de convenio realizar\u00e1n servicio social, pr\u00e1cticas profesionales y educaci\u00f3n dual Morelia, Michoac\u00e1n, 30 de octubre de 2024.- Con la firma de un convenio entre el Colegio de Estudios Cient\u00edficos y Tecnol\u00f3gico del Estado de Michoac\u00e1n (Cecytem) y el Ayuntamiento de Charo, estudiantes del subsistema educativo podr\u00e1n realizar sus pr\u00e1cticas profesionales, servicio social [&hellip;]<\/p>\n","protected":false},"author":2,"featured_media":71574,"comment_status":"closed","ping_status":"closed","sticky":false,"template":"","format":"standard","meta":{"footnotes":""},"categories":[14],"tags":[],"class_list":["post-71572","post","type-post","status-publish","format-standard","has-post-thumbnail","hentry","category-destacadas"],"_links":{"self":[{"href":"https:\/\/radiowebmx.com\/nota\/wp-json\/wp\/v2\/posts\/71572","targetHints":{"allow":["GET"]}}],"collection":[{"href":"https:\/\/radiowebmx.com\/nota\/wp-json\/wp\/v2\/posts"}],"about":[{"href":"https:\/\/radiowebmx.com\/nota\/wp-json\/wp\/v2\/types\/post"}],"author":[{"embeddable":true,"href":"https:\/\/radiowebmx.com\/nota\/wp-json\/wp\/v2\/users\/2"}],"replies":[{"embeddable":true,"href":"https:\/\/radiowebmx.com\/nota\/wp-json\/wp\/v2\/comments?post=71572"}],"version-history":[{"count":1,"href":"https:\/\/radiowebmx.com\/nota\/wp-json\/wp\/v2\/posts\/71572\/revisions"}],"predecessor-version":[{"id":71575,"href":"https:\/\/radiowebmx.com\/nota\/wp-json\/wp\/v2\/posts\/71572\/revisions\/71575"}],"wp:featuredmedia":[{"embeddable":true,"href":"https:\/\/radiowebmx.com\/nota\/wp-json\/wp\/v2\/media\/71574"}],"wp:attachment":[{"href":"https:\/\/radiowebmx.com\/nota\/wp-json\/wp\/v2\/media?parent=71572"}],"wp:term":[{"taxonomy":"category","embeddable":true,"href":"https:\/\/radiowebmx.com\/nota\/wp-json\/wp\/v2\/categories?post=71572"},{"taxonomy":"post_tag","embeddable":true,"href":"https:\/\/radiowebmx.com\/nota\/wp-json\/wp\/v2\/tags?post=71572"}],"curies":[{"name":"wp","href":"https:\/\/api.w.org\/{rel}","templated":true}]}}