{"id":71563,"date":"2024-10-30T19:10:00","date_gmt":"2024-10-31T01:10:00","guid":{"rendered":"https:\/\/radiowebmx.com\/nota\/?p=71563"},"modified":"2024-10-30T19:10:03","modified_gmt":"2024-10-31T01:10:03","slug":"donde-cuando-y-a-que-hora-ver-el-recorrido-nocturno-de-canoas-de-uranden-aqui-te-decimos","status":"publish","type":"post","link":"https:\/\/radiowebmx.com\/nota\/donde-cuando-y-a-que-hora-ver-el-recorrido-nocturno-de-canoas-de-uranden-aqui-te-decimos\/","title":{"rendered":"D\u00f3nde, cu\u00e1ndo y a qu\u00e9 hora ver el recorrido nocturno de canoas de Urand\u00e9n; aqu\u00ed te decimos"},"content":{"rendered":"\n<p>\u2022 Ac\u00e9rcate a este evento \u00fanico que se realiza en el marco de la Semana de Muertos<\/p>\n\n\n\n<p>P\u00e1tzcuaro, Michoac\u00e1n, 30 de octubre de 2024.- Visitar Michoac\u00e1n es adentrarse en un mar de experiencias, sensaciones, momentos, olores, sabores y recuerdos que en esta Semana de Muertos se han entremezclado para entregar diversas satisfacciones y recuerdos imborrables a los turistas y visitantes que lleguen a \u201cel Alma de M\u00e9xico\u201d.<\/p>\n\n\n\n<p>Entre estas experiencias coordinadas por la Secretar\u00eda de Turismo de Michoac\u00e1n (Sectur), encabezada por Roberto Monroy Garc\u00eda, est\u00e1 el recorrido nocturno de canoas por los manantiales de Urand\u00e9n.<\/p>\n\n\n\n<figure class=\"wp-block-image size-full is-resized\"><a href=\"https:\/\/radiowebmx.com\/nota\/wp-content\/uploads\/2024\/10\/image-30.png\"><img loading=\"lazy\" decoding=\"async\" width=\"709\" height=\"472\" src=\"https:\/\/radiowebmx.com\/nota\/wp-content\/uploads\/2024\/10\/image-30.png\" alt=\"\" class=\"wp-image-71566\" style=\"aspect-ratio:1.5021186440677967;width:401px;height:auto\" srcset=\"https:\/\/radiowebmx.com\/nota\/wp-content\/uploads\/2024\/10\/image-30.png 709w, https:\/\/radiowebmx.com\/nota\/wp-content\/uploads\/2024\/10\/image-30-595x396.png 595w\" sizes=\"auto, (max-width: 709px) 100vw, 709px\" \/><\/a><\/figure>\n\n\n\n<p>Y es que cuando baja el sol, los pobladores de Urand\u00e9n comienzan a prepararse con sus atuendos t\u00edpicos para abordar las 30 canoas, con las cuales desfilar\u00e1n por las venas de los canales de los manantiales en dos horarios: 19:00 y 20:30 horas.<\/p>\n\n\n\n<p>De manera previa, turistas y visitantes pueden caminar por los senderos iluminados por velas y adornados por flores de cempas\u00fachil que adem\u00e1s entregan un aroma \u00fanico al espacio que puede ser visitado por personas de todas las edades que ingresen con una cuota de recuperaci\u00f3n de 50 pesos, monto destinado para los propios habitantes de Urand\u00e9n.<\/p>\n\n\n\n<figure class=\"wp-block-image size-full is-resized\"><a href=\"https:\/\/radiowebmx.com\/nota\/wp-content\/uploads\/2024\/10\/image-29.png\"><img loading=\"lazy\" decoding=\"async\" width=\"709\" height=\"472\" src=\"https:\/\/radiowebmx.com\/nota\/wp-content\/uploads\/2024\/10\/image-29.png\" alt=\"\" class=\"wp-image-71565\" style=\"aspect-ratio:1.5021186440677967;width:357px;height:auto\" srcset=\"https:\/\/radiowebmx.com\/nota\/wp-content\/uploads\/2024\/10\/image-29.png 709w, https:\/\/radiowebmx.com\/nota\/wp-content\/uploads\/2024\/10\/image-29-595x396.png 595w\" sizes=\"auto, (max-width: 709px) 100vw, 709px\" \/><\/a><\/figure>\n\n\n\n<p>El espect\u00e1culo tradicional de canoas integra a distintas generaciones; ni\u00f1as, ni\u00f1os, adolescentes y adultos orgullosos de sus ra\u00edces se embarcan para mostrar las tradiciones a los visitantes que pueden disfrutar del evento los d\u00edas 30 y 31 de octubre, as\u00ed como del 1 al 3 de noviembre.<\/p>\n","protected":false},"excerpt":{"rendered":"<p>\u2022 Ac\u00e9rcate a este evento \u00fanico que se realiza en el marco de la Semana de Muertos P\u00e1tzcuaro, Michoac\u00e1n, 30 de octubre de 2024.- Visitar Michoac\u00e1n es adentrarse en un mar de experiencias, sensaciones, momentos, olores, sabores y recuerdos que en esta Semana de Muertos se han entremezclado para entregar diversas satisfacciones y recuerdos imborrables [&hellip;]<\/p>\n","protected":false},"author":2,"featured_media":71564,"comment_status":"closed","ping_status":"closed","sticky":false,"template":"","format":"standard","meta":{"footnotes":""},"categories":[14],"tags":[],"class_list":["post-71563","post","type-post","status-publish","format-standard","has-post-thumbnail","hentry","category-destacadas"],"_links":{"self":[{"href":"https:\/\/radiowebmx.com\/nota\/wp-json\/wp\/v2\/posts\/71563","targetHints":{"allow":["GET"]}}],"collection":[{"href":"https:\/\/radiowebmx.com\/nota\/wp-json\/wp\/v2\/posts"}],"about":[{"href":"https:\/\/radiowebmx.com\/nota\/wp-json\/wp\/v2\/types\/post"}],"author":[{"embeddable":true,"href":"https:\/\/radiowebmx.com\/nota\/wp-json\/wp\/v2\/users\/2"}],"replies":[{"embeddable":true,"href":"https:\/\/radiowebmx.com\/nota\/wp-json\/wp\/v2\/comments?post=71563"}],"version-history":[{"count":1,"href":"https:\/\/radiowebmx.com\/nota\/wp-json\/wp\/v2\/posts\/71563\/revisions"}],"predecessor-version":[{"id":71567,"href":"https:\/\/radiowebmx.com\/nota\/wp-json\/wp\/v2\/posts\/71563\/revisions\/71567"}],"wp:featuredmedia":[{"embeddable":true,"href":"https:\/\/radiowebmx.com\/nota\/wp-json\/wp\/v2\/media\/71564"}],"wp:attachment":[{"href":"https:\/\/radiowebmx.com\/nota\/wp-json\/wp\/v2\/media?parent=71563"}],"wp:term":[{"taxonomy":"category","embeddable":true,"href":"https:\/\/radiowebmx.com\/nota\/wp-json\/wp\/v2\/categories?post=71563"},{"taxonomy":"post_tag","embeddable":true,"href":"https:\/\/radiowebmx.com\/nota\/wp-json\/wp\/v2\/tags?post=71563"}],"curies":[{"name":"wp","href":"https:\/\/api.w.org\/{rel}","templated":true}]}}