{"id":71535,"date":"2024-10-28T20:08:10","date_gmt":"2024-10-29T02:08:10","guid":{"rendered":"https:\/\/radiowebmx.com\/nota\/?p=71535"},"modified":"2024-10-28T20:08:14","modified_gmt":"2024-10-29T02:08:14","slug":"listos-en-el-lago-de-patzcuaro-para-recibir-al-turismo-por-semana-de-muertos-compesca","status":"publish","type":"post","link":"https:\/\/radiowebmx.com\/nota\/listos-en-el-lago-de-patzcuaro-para-recibir-al-turismo-por-semana-de-muertos-compesca\/","title":{"rendered":"Listos en el lago de P\u00e1tzcuaro para recibir al turismo por Semana de Muertos: Compesca"},"content":{"rendered":"\n<p>P\u00e1tzcuaro, Michoac\u00e1n,.- Los muelles y canales de navegaci\u00f3n del lago de P\u00e1tzcuaro ya se encuentran listos para las festividades de Noche de Muertos, inform\u00f3 la Comisi\u00f3n de Pesca del Estado de Michoac\u00e1n (Compesca).<\/p>\n\n\n\n<p>El director general de la Compesca, Ram\u00f3n Hern\u00e1ndez Orozco, notific\u00f3 que luego de las labores de dragado y limpieza con maquinaria especializada y las recientes lluvias, el nivel de profundidad del cuerpo de agua se elev\u00f3 de dos a 10 metros.<\/p>\n\n\n\n<p>Las labores realizadas por la maquinaria especializada recientemente adquirida por el Gobierno de Michoac\u00e1n, ha mejorado la infraestructura de acceso a las islas, en beneficio de turistas, visitantes y residentes, destac\u00f3 el comisionado de pesca del estado.<\/p>\n\n\n\n<p>Puntualiz\u00f3 que los muelles San Pedrito, General, Urand\u00e9n, Ucazanaztacua, Janitzio, Tecuena, Pacanda y Yunu\u00e9n, ya est\u00e1n listos para la navegaci\u00f3n, con profundidades adecuadas para las embarcaciones.<\/p>\n\n\n\n<p>\u201cLas labores de limpieza y mantenimiento han sido reforzadas para garantizar su adecuaci\u00f3n para recibir a miles de turistas que visitan la ribera del lago de P\u00e1tzcuaro en las pr\u00f3ximas fechas\u201d, dijo.<\/p>\n\n\n\n<p>Este a\u00f1o, el lago de P\u00e1tzcuaro se presenta renovado y listo, despu\u00e9s de los trabajos de recuperaci\u00f3n para recibir a visitantes en su m\u00e1ximo esplendor y hacer de esta Noche de Muertos una experiencia memorable.<\/p>\n","protected":false},"excerpt":{"rendered":"<p>P\u00e1tzcuaro, Michoac\u00e1n,.- Los muelles y canales de navegaci\u00f3n del lago de P\u00e1tzcuaro ya se encuentran listos para las festividades de Noche de Muertos, inform\u00f3 la Comisi\u00f3n de Pesca del Estado de Michoac\u00e1n (Compesca). El director general de la Compesca, Ram\u00f3n Hern\u00e1ndez Orozco, notific\u00f3 que luego de las labores de dragado y limpieza con maquinaria especializada [&hellip;]<\/p>\n","protected":false},"author":2,"featured_media":71536,"comment_status":"closed","ping_status":"closed","sticky":false,"template":"","format":"standard","meta":{"footnotes":""},"categories":[14],"tags":[],"class_list":["post-71535","post","type-post","status-publish","format-standard","has-post-thumbnail","hentry","category-destacadas"],"_links":{"self":[{"href":"https:\/\/radiowebmx.com\/nota\/wp-json\/wp\/v2\/posts\/71535","targetHints":{"allow":["GET"]}}],"collection":[{"href":"https:\/\/radiowebmx.com\/nota\/wp-json\/wp\/v2\/posts"}],"about":[{"href":"https:\/\/radiowebmx.com\/nota\/wp-json\/wp\/v2\/types\/post"}],"author":[{"embeddable":true,"href":"https:\/\/radiowebmx.com\/nota\/wp-json\/wp\/v2\/users\/2"}],"replies":[{"embeddable":true,"href":"https:\/\/radiowebmx.com\/nota\/wp-json\/wp\/v2\/comments?post=71535"}],"version-history":[{"count":1,"href":"https:\/\/radiowebmx.com\/nota\/wp-json\/wp\/v2\/posts\/71535\/revisions"}],"predecessor-version":[{"id":71537,"href":"https:\/\/radiowebmx.com\/nota\/wp-json\/wp\/v2\/posts\/71535\/revisions\/71537"}],"wp:featuredmedia":[{"embeddable":true,"href":"https:\/\/radiowebmx.com\/nota\/wp-json\/wp\/v2\/media\/71536"}],"wp:attachment":[{"href":"https:\/\/radiowebmx.com\/nota\/wp-json\/wp\/v2\/media?parent=71535"}],"wp:term":[{"taxonomy":"category","embeddable":true,"href":"https:\/\/radiowebmx.com\/nota\/wp-json\/wp\/v2\/categories?post=71535"},{"taxonomy":"post_tag","embeddable":true,"href":"https:\/\/radiowebmx.com\/nota\/wp-json\/wp\/v2\/tags?post=71535"}],"curies":[{"name":"wp","href":"https:\/\/api.w.org\/{rel}","templated":true}]}}