{"id":71488,"date":"2024-10-18T21:32:51","date_gmt":"2024-10-19T02:32:51","guid":{"rendered":"https:\/\/radiowebmx.com\/nota\/?p=71488"},"modified":"2024-10-18T21:32:55","modified_gmt":"2024-10-19T02:32:55","slug":"mas-de-100-catrinas-de-capula-competiran-en-concurso-artesanal","status":"publish","type":"post","link":"https:\/\/radiowebmx.com\/nota\/mas-de-100-catrinas-de-capula-competiran-en-concurso-artesanal\/","title":{"rendered":"M\u00e1s de 100 catrinas de Capula competir\u00e1n en concurso artesanal"},"content":{"rendered":"\n<p><strong><em>\u2022 Ma\u00f1ana s\u00e1bado inicia la inscripci\u00f3n de piezas en la Casa Cultural de la localidad<\/em><\/strong><\/p>\n\n\n\n<p>Morelia, Michoac\u00e1n, 18 de octubre de 2024.- Ma\u00f1ana s\u00e1bado 19 de octubre se espera una participaci\u00f3n de alrededor de 80 personas artesanas con m\u00e1s de 100 catrinas inscritas en la edici\u00f3n 12 del Concurso Artesanal de la Catrina, en la tenencia de Capula, en Morelia.<\/p>\n\n\n\n<p>Ser\u00e1 en punto de las 10:00 horas que iniciar\u00e1 la inscripci\u00f3n de piezas que ser\u00e1n registradas en las categor\u00edas de Maestros Artesanos, que son aquellos quienes en concursos anteriores ya han obtenido premios especiales y primer lugar; Nuevos Valores, quienes participan por primera vez o han ganado segundo y tercer lugar y sus piezas en ambas categor\u00edas son en las ramas de alfarer\u00eda policromada y alfarer\u00eda natural; y Varios, entra la rama de miniatura y alfarer\u00eda vidriada.<\/p>\n\n\n\n<figure class=\"wp-block-image size-full is-resized\"><a href=\"https:\/\/radiowebmx.com\/nota\/wp-content\/uploads\/2024\/10\/image-20.png\"><img loading=\"lazy\" decoding=\"async\" width=\"709\" height=\"531\" src=\"https:\/\/radiowebmx.com\/nota\/wp-content\/uploads\/2024\/10\/image-20.png\" alt=\"\" class=\"wp-image-71489\" style=\"aspect-ratio:1.335216572504708;width:390px;height:auto\" srcset=\"https:\/\/radiowebmx.com\/nota\/wp-content\/uploads\/2024\/10\/image-20.png 709w, https:\/\/radiowebmx.com\/nota\/wp-content\/uploads\/2024\/10\/image-20-595x446.png 595w\" sizes=\"auto, (max-width: 709px) 100vw, 709px\" \/><\/a><\/figure>\n\n\n\n<p>Cada persona artesana podr\u00e1 inscribir como m\u00e1ximo dos piezas en las diferentes ramas artesanales, pero en la misma categor\u00eda, y se entregar\u00e1n 24 premios por un monto total de 90 mil pesos, as\u00ed como el Premio Especial \u00c1lvaro de la Cruz L\u00f3pez, a la mejor catrina de todo el concurso.<\/p>\n\n\n\n<p>El jurado calificador estar\u00e1 integrado por tres conocedores del arte popular y especialistas en la rama de alfarer\u00eda, quienes elegir\u00e1n las mejores catrinas.<\/p>\n\n\n\n<p>Las piezas ganadoras y participantes del concurso permanecer\u00e1n en venta y exposici\u00f3n del 20 de octubre al 3 de noviembre en la Casa Cultural de Capula, en donde los visitantes encontrar\u00e1n una gran variedad de catrinas de colores, estilos, formas, detalles, tama\u00f1os, y de igual manera los precios ser\u00e1n variables dependiendo la pieza.<\/p>\n","protected":false},"excerpt":{"rendered":"<p>\u2022 Ma\u00f1ana s\u00e1bado inicia la inscripci\u00f3n de piezas en la Casa Cultural de la localidad Morelia, Michoac\u00e1n, 18 de octubre de 2024.- Ma\u00f1ana s\u00e1bado 19 de octubre se espera una participaci\u00f3n de alrededor de 80 personas artesanas con m\u00e1s de 100 catrinas inscritas en la edici\u00f3n 12 del Concurso Artesanal de la Catrina, en la [&hellip;]<\/p>\n","protected":false},"author":2,"featured_media":71490,"comment_status":"closed","ping_status":"closed","sticky":false,"template":"","format":"standard","meta":{"footnotes":""},"categories":[14],"tags":[],"class_list":["post-71488","post","type-post","status-publish","format-standard","has-post-thumbnail","hentry","category-destacadas"],"_links":{"self":[{"href":"https:\/\/radiowebmx.com\/nota\/wp-json\/wp\/v2\/posts\/71488","targetHints":{"allow":["GET"]}}],"collection":[{"href":"https:\/\/radiowebmx.com\/nota\/wp-json\/wp\/v2\/posts"}],"about":[{"href":"https:\/\/radiowebmx.com\/nota\/wp-json\/wp\/v2\/types\/post"}],"author":[{"embeddable":true,"href":"https:\/\/radiowebmx.com\/nota\/wp-json\/wp\/v2\/users\/2"}],"replies":[{"embeddable":true,"href":"https:\/\/radiowebmx.com\/nota\/wp-json\/wp\/v2\/comments?post=71488"}],"version-history":[{"count":1,"href":"https:\/\/radiowebmx.com\/nota\/wp-json\/wp\/v2\/posts\/71488\/revisions"}],"predecessor-version":[{"id":71491,"href":"https:\/\/radiowebmx.com\/nota\/wp-json\/wp\/v2\/posts\/71488\/revisions\/71491"}],"wp:featuredmedia":[{"embeddable":true,"href":"https:\/\/radiowebmx.com\/nota\/wp-json\/wp\/v2\/media\/71490"}],"wp:attachment":[{"href":"https:\/\/radiowebmx.com\/nota\/wp-json\/wp\/v2\/media?parent=71488"}],"wp:term":[{"taxonomy":"category","embeddable":true,"href":"https:\/\/radiowebmx.com\/nota\/wp-json\/wp\/v2\/categories?post=71488"},{"taxonomy":"post_tag","embeddable":true,"href":"https:\/\/radiowebmx.com\/nota\/wp-json\/wp\/v2\/tags?post=71488"}],"curies":[{"name":"wp","href":"https:\/\/api.w.org\/{rel}","templated":true}]}}