{"id":71484,"date":"2024-10-18T21:29:14","date_gmt":"2024-10-19T02:29:14","guid":{"rendered":"https:\/\/radiowebmx.com\/nota\/?p=71484"},"modified":"2024-10-18T21:29:18","modified_gmt":"2024-10-19T02:29:18","slug":"encabeza-bedolla-inauguracion-de-nuevas-instalaciones-del-poder-judicial-en-jiquilpan","status":"publish","type":"post","link":"https:\/\/radiowebmx.com\/nota\/encabeza-bedolla-inauguracion-de-nuevas-instalaciones-del-poder-judicial-en-jiquilpan\/","title":{"rendered":"Encabeza Bedolla inauguraci\u00f3n de nuevas instalaciones del Poder Judicial en Jiquilpan"},"content":{"rendered":"\n<p>Jiquilpan, Michoac\u00e1n, 18 de octubre de 2024.- Con la inauguraci\u00f3n de las nuevas instalaciones del Poder Judicial en Jiquilpan, se avanza para brindar una justicia accesible, cercana y equitativa para alrededor de 120 mil habitantes de la regi\u00f3n, as\u00ed lo se\u00f1al\u00f3 el gobernador Alfredo Ram\u00edrez Bedolla.<\/p>\n\n\n\n<p>Destac\u00f3 que este nuevo edificio, donde se invirtieron m\u00e1s de 6 millones de pesos, permitir\u00e1 al personal desempa\u00f1ar sus funciones en un sitio m\u00e1s digno y funcional que dar\u00e1 como resultado un servicio eficiente y de calidad a la poblaci\u00f3n.<\/p>\n\n\n\n<p>Ram\u00edrez Bedolla expuso que este nuevo edifico ser\u00e1 un s\u00edmbolo del derecho a la justicia, reafirmando el cimiento sobre el cual se seguir\u00e1 construyendo un mejor estado.<\/p>\n\n\n\n<figure class=\"wp-block-image size-full is-resized\"><a href=\"https:\/\/radiowebmx.com\/nota\/wp-content\/uploads\/2024\/10\/image-19.png\"><img loading=\"lazy\" decoding=\"async\" width=\"709\" height=\"506\" src=\"https:\/\/radiowebmx.com\/nota\/wp-content\/uploads\/2024\/10\/image-19.png\" alt=\"\" class=\"wp-image-71485\" style=\"aspect-ratio:1.401185770750988;width:289px;height:auto\" srcset=\"https:\/\/radiowebmx.com\/nota\/wp-content\/uploads\/2024\/10\/image-19.png 709w, https:\/\/radiowebmx.com\/nota\/wp-content\/uploads\/2024\/10\/image-19-595x425.png 595w\" sizes=\"auto, (max-width: 709px) 100vw, 709px\" \/><\/a><\/figure>\n\n\n\n<p>En tanto, el magistrado presidente del Poder Judicial, Jorge Res\u00e9ndiz Garc\u00eda, refiri\u00f3 que las nuevas instalaciones cuentan con tres salas de oralidad, equipo tecnol\u00f3gico y mobiliario nuevo, adem\u00e1s de adecuaciones con accesibilidad universal para que personas con discapacidad puedan ingresar, transitar y permanecer en el lugar de manera segura.<\/p>\n\n\n\n<p>Explic\u00f3 que para la construcci\u00f3n del inmueble se tom\u00f3 en consideraci\u00f3n la pr\u00f3xima aplicaci\u00f3n del C\u00f3digo Nacional de Procedimientos Civiles y Familiares, ordenamiento legal que contempla el principio procesal de oralidad, as\u00ed como el empleo de la tecnolog\u00eda en la precisi\u00f3n de los procedimientos.<\/p>\n\n\n\n<p>Asistieron al evento el presidente de la Mesa Directiva del Congreso del Estado, Juan Antonio Maga\u00f1a de la Mora; el presidente municipal de Jiquilpan, Gerardo Olloqui Estrada, as\u00ed como personal del Poder Judicial.<\/p>\n","protected":false},"excerpt":{"rendered":"<p>Jiquilpan, Michoac\u00e1n, 18 de octubre de 2024.- Con la inauguraci\u00f3n de las nuevas instalaciones del Poder Judicial en Jiquilpan, se avanza para brindar una justicia accesible, cercana y equitativa para alrededor de 120 mil habitantes de la regi\u00f3n, as\u00ed lo se\u00f1al\u00f3 el gobernador Alfredo Ram\u00edrez Bedolla. Destac\u00f3 que este nuevo edificio, donde se invirtieron m\u00e1s [&hellip;]<\/p>\n","protected":false},"author":2,"featured_media":71486,"comment_status":"closed","ping_status":"closed","sticky":false,"template":"","format":"standard","meta":{"footnotes":""},"categories":[3],"tags":[],"class_list":["post-71484","post","type-post","status-publish","format-standard","has-post-thumbnail","hentry","category-gobierno-del-estado-de-michoacan"],"_links":{"self":[{"href":"https:\/\/radiowebmx.com\/nota\/wp-json\/wp\/v2\/posts\/71484","targetHints":{"allow":["GET"]}}],"collection":[{"href":"https:\/\/radiowebmx.com\/nota\/wp-json\/wp\/v2\/posts"}],"about":[{"href":"https:\/\/radiowebmx.com\/nota\/wp-json\/wp\/v2\/types\/post"}],"author":[{"embeddable":true,"href":"https:\/\/radiowebmx.com\/nota\/wp-json\/wp\/v2\/users\/2"}],"replies":[{"embeddable":true,"href":"https:\/\/radiowebmx.com\/nota\/wp-json\/wp\/v2\/comments?post=71484"}],"version-history":[{"count":1,"href":"https:\/\/radiowebmx.com\/nota\/wp-json\/wp\/v2\/posts\/71484\/revisions"}],"predecessor-version":[{"id":71487,"href":"https:\/\/radiowebmx.com\/nota\/wp-json\/wp\/v2\/posts\/71484\/revisions\/71487"}],"wp:featuredmedia":[{"embeddable":true,"href":"https:\/\/radiowebmx.com\/nota\/wp-json\/wp\/v2\/media\/71486"}],"wp:attachment":[{"href":"https:\/\/radiowebmx.com\/nota\/wp-json\/wp\/v2\/media?parent=71484"}],"wp:term":[{"taxonomy":"category","embeddable":true,"href":"https:\/\/radiowebmx.com\/nota\/wp-json\/wp\/v2\/categories?post=71484"},{"taxonomy":"post_tag","embeddable":true,"href":"https:\/\/radiowebmx.com\/nota\/wp-json\/wp\/v2\/tags?post=71484"}],"curies":[{"name":"wp","href":"https:\/\/api.w.org\/{rel}","templated":true}]}}