{"id":71479,"date":"2024-10-18T21:25:13","date_gmt":"2024-10-19T02:25:13","guid":{"rendered":"https:\/\/radiowebmx.com\/nota\/?p=71479"},"modified":"2024-10-18T21:25:17","modified_gmt":"2024-10-19T02:25:17","slug":"campos-de-cempasuchil-en-michoacan","status":"publish","type":"post","link":"https:\/\/radiowebmx.com\/nota\/campos-de-cempasuchil-en-michoacan\/","title":{"rendered":"Campos de Cempas\u00fachil en Michoac\u00e1n"},"content":{"rendered":"\n<figure class=\"wp-block-image size-full is-resized\"><a href=\"https:\/\/radiowebmx.com\/nota\/wp-content\/uploads\/2024\/10\/image-18.png\"><img loading=\"lazy\" decoding=\"async\" width=\"709\" height=\"472\" src=\"https:\/\/radiowebmx.com\/nota\/wp-content\/uploads\/2024\/10\/image-18.png\" alt=\"\" class=\"wp-image-71481\" style=\"aspect-ratio:1.5021186440677967;width:331px;height:auto\" srcset=\"https:\/\/radiowebmx.com\/nota\/wp-content\/uploads\/2024\/10\/image-18.png 709w, https:\/\/radiowebmx.com\/nota\/wp-content\/uploads\/2024\/10\/image-18-595x396.png 595w\" sizes=\"auto, (max-width: 709px) 100vw, 709px\" \/><\/a><\/figure>\n\n\n\n<p>Los campos de Michoac\u00e1n se visten de oro en esta \u00e9poca del a\u00f1o. El cempas\u00fachil, con sus p\u00e9talos vibrantes y aroma inconfundible, florece para decorar los altares y panteones y guiar a las almas en su viaje de regreso, pues cada flor es un faro encendido, una promesa de reencuentro en la Noche de Muertos.<\/p>\n\n\n\n<figure class=\"wp-block-image size-full is-resized\"><a href=\"https:\/\/radiowebmx.com\/nota\/wp-content\/uploads\/2024\/10\/image-17.png\"><img loading=\"lazy\" decoding=\"async\" width=\"709\" height=\"472\" src=\"https:\/\/radiowebmx.com\/nota\/wp-content\/uploads\/2024\/10\/image-17.png\" alt=\"\" class=\"wp-image-71480\" style=\"aspect-ratio:1.5021186440677967;width:323px;height:auto\" srcset=\"https:\/\/radiowebmx.com\/nota\/wp-content\/uploads\/2024\/10\/image-17.png 709w, https:\/\/radiowebmx.com\/nota\/wp-content\/uploads\/2024\/10\/image-17-595x396.png 595w\" sizes=\"auto, (max-width: 709px) 100vw, 709px\" \/><\/a><\/figure>\n","protected":false},"excerpt":{"rendered":"<p>Los campos de Michoac\u00e1n se visten de oro en esta \u00e9poca del a\u00f1o. El cempas\u00fachil, con sus p\u00e9talos vibrantes y aroma inconfundible, florece para decorar los altares y panteones y guiar a las almas en su viaje de regreso, pues cada flor es un faro encendido, una promesa de reencuentro en la Noche de Muertos.<\/p>\n","protected":false},"author":2,"featured_media":71482,"comment_status":"closed","ping_status":"closed","sticky":false,"template":"","format":"standard","meta":{"footnotes":""},"categories":[14],"tags":[],"class_list":["post-71479","post","type-post","status-publish","format-standard","has-post-thumbnail","hentry","category-destacadas"],"_links":{"self":[{"href":"https:\/\/radiowebmx.com\/nota\/wp-json\/wp\/v2\/posts\/71479","targetHints":{"allow":["GET"]}}],"collection":[{"href":"https:\/\/radiowebmx.com\/nota\/wp-json\/wp\/v2\/posts"}],"about":[{"href":"https:\/\/radiowebmx.com\/nota\/wp-json\/wp\/v2\/types\/post"}],"author":[{"embeddable":true,"href":"https:\/\/radiowebmx.com\/nota\/wp-json\/wp\/v2\/users\/2"}],"replies":[{"embeddable":true,"href":"https:\/\/radiowebmx.com\/nota\/wp-json\/wp\/v2\/comments?post=71479"}],"version-history":[{"count":1,"href":"https:\/\/radiowebmx.com\/nota\/wp-json\/wp\/v2\/posts\/71479\/revisions"}],"predecessor-version":[{"id":71483,"href":"https:\/\/radiowebmx.com\/nota\/wp-json\/wp\/v2\/posts\/71479\/revisions\/71483"}],"wp:featuredmedia":[{"embeddable":true,"href":"https:\/\/radiowebmx.com\/nota\/wp-json\/wp\/v2\/media\/71482"}],"wp:attachment":[{"href":"https:\/\/radiowebmx.com\/nota\/wp-json\/wp\/v2\/media?parent=71479"}],"wp:term":[{"taxonomy":"category","embeddable":true,"href":"https:\/\/radiowebmx.com\/nota\/wp-json\/wp\/v2\/categories?post=71479"},{"taxonomy":"post_tag","embeddable":true,"href":"https:\/\/radiowebmx.com\/nota\/wp-json\/wp\/v2\/tags?post=71479"}],"curies":[{"name":"wp","href":"https:\/\/api.w.org\/{rel}","templated":true}]}}