{"id":71457,"date":"2024-10-16T17:07:37","date_gmt":"2024-10-16T22:07:37","guid":{"rendered":"https:\/\/radiowebmx.com\/nota\/?p=71457"},"modified":"2024-10-16T17:07:41","modified_gmt":"2024-10-16T22:07:41","slug":"habra-mas-de-200-artesanos-en-feria-de-la-catrina","status":"publish","type":"post","link":"https:\/\/radiowebmx.com\/nota\/habra-mas-de-200-artesanos-en-feria-de-la-catrina\/","title":{"rendered":"Habr\u00e1 m\u00e1s de 200 artesanos en Feria de la Catrina"},"content":{"rendered":"\n<p><strong><em>\u2022 Consume en Capula, del 20 de octubre al 3 de noviembre<\/em><\/strong><\/p>\n\n\n\n<p>Morelia, Michoac\u00e1n, 16 de octubre de 2024.- Catrinas de barro, vajillas, textiles, piezas de cobre y otras artesan\u00edas podr\u00e1s adquirir en la tenencia de Capula, del 20 de octubre al 3 de noviembre durante la edici\u00f3n 14 de la Feria de la Catrina.<\/p>\n\n\n\n<p>M\u00e1s de 200 personas artesanas comercializar\u00e1n productos de gran calidad entre los que podr\u00e1s elegir las aut\u00e9nticas catrinas en diferentes tama\u00f1os, vajillas en barro tradicional y alta temperatura, textiles de lana y algod\u00f3n, vasos y joyer\u00eda de cobre, pi\u00f1as de barro, esferas y adornos de vidrio soplado, molcajetes, as\u00ed como canastas, l\u00e1mparas, tapetes, manteles, bancos de fibra vegetal, entre muchos m\u00e1s.<\/p>\n\n\n\n<p>En la plaza principal y las calles de esta tenencia de Morelia se instalar\u00e1n m\u00e1s de 200 personas artesanas de Capula y de otras comunidades del estado como Boca de la Ca\u00f1ada, Santa Clara del Cobre, Cher\u00e1n, San Jos\u00e9 de Gracia, Tlalpujahua, Ocumicho, San Nicol\u00e1s Obispo, P\u00e1tzcuaro e Ihuatzio.<\/p>\n\n\n\n<figure class=\"wp-block-image size-full is-resized\"><a href=\"https:\/\/radiowebmx.com\/nota\/wp-content\/uploads\/2024\/10\/image-14.png\"><img loading=\"lazy\" decoding=\"async\" width=\"394\" height=\"295\" src=\"https:\/\/radiowebmx.com\/nota\/wp-content\/uploads\/2024\/10\/image-14.png\" alt=\"\" class=\"wp-image-71458\" style=\"aspect-ratio:1.335593220338983;width:306px;height:auto\"\/><\/a><\/figure>\n\n\n\n<p>Adem\u00e1s de productos artesanales, tambi\u00e9n se colocar\u00e1n 69 puestos de cocina tradicional donde turistas y visitantes podr\u00e1n disfrutar en compa\u00f1\u00eda de familiares y amigos para deleitar su paladar con platillos como mole con arroz, enchiladas, pozole y pan de muerto.<\/p>\n\n\n\n<p>En julio de este a\u00f1o la catrina de Capula y el cobre martillado de Santa Clara del Cobre recibieron la declaratoria de Indicaciones Geogr\u00e1ficas Protegidas, por parte del Instituto Mexicano de la Propiedad Industrial (IMPI), con lo que se protege el trabajo de las personas artesanas y se evita la pirater\u00eda de las piezas michoacanas.<\/p>\n","protected":false},"excerpt":{"rendered":"<p>\u2022 Consume en Capula, del 20 de octubre al 3 de noviembre Morelia, Michoac\u00e1n, 16 de octubre de 2024.- Catrinas de barro, vajillas, textiles, piezas de cobre y otras artesan\u00edas podr\u00e1s adquirir en la tenencia de Capula, del 20 de octubre al 3 de noviembre durante la edici\u00f3n 14 de la Feria de la Catrina. [&hellip;]<\/p>\n","protected":false},"author":2,"featured_media":71459,"comment_status":"closed","ping_status":"closed","sticky":false,"template":"","format":"standard","meta":{"footnotes":""},"categories":[14],"tags":[],"class_list":["post-71457","post","type-post","status-publish","format-standard","has-post-thumbnail","hentry","category-destacadas"],"_links":{"self":[{"href":"https:\/\/radiowebmx.com\/nota\/wp-json\/wp\/v2\/posts\/71457","targetHints":{"allow":["GET"]}}],"collection":[{"href":"https:\/\/radiowebmx.com\/nota\/wp-json\/wp\/v2\/posts"}],"about":[{"href":"https:\/\/radiowebmx.com\/nota\/wp-json\/wp\/v2\/types\/post"}],"author":[{"embeddable":true,"href":"https:\/\/radiowebmx.com\/nota\/wp-json\/wp\/v2\/users\/2"}],"replies":[{"embeddable":true,"href":"https:\/\/radiowebmx.com\/nota\/wp-json\/wp\/v2\/comments?post=71457"}],"version-history":[{"count":1,"href":"https:\/\/radiowebmx.com\/nota\/wp-json\/wp\/v2\/posts\/71457\/revisions"}],"predecessor-version":[{"id":71460,"href":"https:\/\/radiowebmx.com\/nota\/wp-json\/wp\/v2\/posts\/71457\/revisions\/71460"}],"wp:featuredmedia":[{"embeddable":true,"href":"https:\/\/radiowebmx.com\/nota\/wp-json\/wp\/v2\/media\/71459"}],"wp:attachment":[{"href":"https:\/\/radiowebmx.com\/nota\/wp-json\/wp\/v2\/media?parent=71457"}],"wp:term":[{"taxonomy":"category","embeddable":true,"href":"https:\/\/radiowebmx.com\/nota\/wp-json\/wp\/v2\/categories?post=71457"},{"taxonomy":"post_tag","embeddable":true,"href":"https:\/\/radiowebmx.com\/nota\/wp-json\/wp\/v2\/tags?post=71457"}],"curies":[{"name":"wp","href":"https:\/\/api.w.org\/{rel}","templated":true}]}}