{"id":71450,"date":"2024-10-16T16:58:22","date_gmt":"2024-10-16T21:58:22","guid":{"rendered":"https:\/\/radiowebmx.com\/nota\/?p=71450"},"modified":"2024-10-16T16:58:25","modified_gmt":"2024-10-16T21:58:25","slug":"respalda-climate-right-certificacion-estatal-del-aguacate-contra-la-deforestacion","status":"publish","type":"post","link":"https:\/\/radiowebmx.com\/nota\/respalda-climate-right-certificacion-estatal-del-aguacate-contra-la-deforestacion\/","title":{"rendered":"Respalda Climate Right certificaci\u00f3n estatal del aguacate contra la deforestaci\u00f3n"},"content":{"rendered":"\n<p><strong><em>\u2022 Organizaci\u00f3n buscar\u00e1 que empresas y autoridades de EUA avancen con Pro-Forest Avocado, impulsada por el gobernador<\/em><\/strong><\/p>\n\n\n\n<p>Morelia, Michoac\u00e1n, 16 de octubre de 2024.- El asesor principal para las Am\u00e9ricas de Climate Right International, Daniel Wilkinson, extern\u00f3 al gobernador Alfredo Ram\u00edrez Bedolla su respaldo para que empresas y autoridades de Estados Unidos reconozcan la certificaci\u00f3n voluntaria del aguacate contra la deforestaci\u00f3n en Michoac\u00e1n Pro-Forest Avocado.<\/p>\n\n\n\n<p>En la reuni\u00f3n encabezada por el mandatario para presentar avances del Guardi\u00e1n Forestal y de las acciones para combatir el cambio de uso de suelo, esta organizaci\u00f3n defensora de los derechos humanos y del medio ambiente, manifest\u00f3 el inter\u00e9s de acompa\u00f1ar la certificaci\u00f3n estatal para fomentar las buenas pr\u00e1cticas del cultivo, producci\u00f3n y comercializaci\u00f3n del aguacate para exportaci\u00f3n.<\/p>\n\n\n\n<p>Lo anterior, luego de que el gobernador y el secretario de Medio Ambiente, Alejandro M\u00e9ndez, informaran que con la certificaci\u00f3n voluntaria y con el sistema satelital de vigilancia Guardian Forestal se busca regularizar las huertas ilegales identificadas y reparar los da\u00f1os generados a los bosques.<\/p>\n\n\n\n<p>Wilkinson calific\u00f3 como positivas estas iniciativas al destacar que la certificaci\u00f3n representa un mecanismo regulador del cultivo y comercializaci\u00f3n del aguacate y por ello, la importancia de que se garantice que el fruto que llega a Estados Unidos no proviene de suelo deforestado.<\/p>\n\n\n\n<p>\u201cDebemos buscar la forma de apoyar este proceso para que sea obligatorio para los productores y se deje de comprar en Estados Unidos aguacate de huertas deforestadas a partir del 2018\u201d, puntualiz\u00f3 el asesor principal de la organizaci\u00f3n.<\/p>\n","protected":false},"excerpt":{"rendered":"<p>\u2022 Organizaci\u00f3n buscar\u00e1 que empresas y autoridades de EUA avancen con Pro-Forest Avocado, impulsada por el gobernador Morelia, Michoac\u00e1n, 16 de octubre de 2024.- El asesor principal para las Am\u00e9ricas de Climate Right International, Daniel Wilkinson, extern\u00f3 al gobernador Alfredo Ram\u00edrez Bedolla su respaldo para que empresas y autoridades de Estados Unidos reconozcan la certificaci\u00f3n [&hellip;]<\/p>\n","protected":false},"author":2,"featured_media":71451,"comment_status":"closed","ping_status":"closed","sticky":false,"template":"","format":"standard","meta":{"footnotes":""},"categories":[3],"tags":[],"class_list":["post-71450","post","type-post","status-publish","format-standard","has-post-thumbnail","hentry","category-gobierno-del-estado-de-michoacan"],"_links":{"self":[{"href":"https:\/\/radiowebmx.com\/nota\/wp-json\/wp\/v2\/posts\/71450","targetHints":{"allow":["GET"]}}],"collection":[{"href":"https:\/\/radiowebmx.com\/nota\/wp-json\/wp\/v2\/posts"}],"about":[{"href":"https:\/\/radiowebmx.com\/nota\/wp-json\/wp\/v2\/types\/post"}],"author":[{"embeddable":true,"href":"https:\/\/radiowebmx.com\/nota\/wp-json\/wp\/v2\/users\/2"}],"replies":[{"embeddable":true,"href":"https:\/\/radiowebmx.com\/nota\/wp-json\/wp\/v2\/comments?post=71450"}],"version-history":[{"count":1,"href":"https:\/\/radiowebmx.com\/nota\/wp-json\/wp\/v2\/posts\/71450\/revisions"}],"predecessor-version":[{"id":71452,"href":"https:\/\/radiowebmx.com\/nota\/wp-json\/wp\/v2\/posts\/71450\/revisions\/71452"}],"wp:featuredmedia":[{"embeddable":true,"href":"https:\/\/radiowebmx.com\/nota\/wp-json\/wp\/v2\/media\/71451"}],"wp:attachment":[{"href":"https:\/\/radiowebmx.com\/nota\/wp-json\/wp\/v2\/media?parent=71450"}],"wp:term":[{"taxonomy":"category","embeddable":true,"href":"https:\/\/radiowebmx.com\/nota\/wp-json\/wp\/v2\/categories?post=71450"},{"taxonomy":"post_tag","embeddable":true,"href":"https:\/\/radiowebmx.com\/nota\/wp-json\/wp\/v2\/tags?post=71450"}],"curies":[{"name":"wp","href":"https:\/\/api.w.org\/{rel}","templated":true}]}}