{"id":71436,"date":"2024-10-16T16:38:31","date_gmt":"2024-10-16T21:38:31","guid":{"rendered":"https:\/\/radiowebmx.com\/nota\/?p=71436"},"modified":"2024-10-16T16:38:35","modified_gmt":"2024-10-16T21:38:35","slug":"carrera-panamericana-llena-de-velocidad-y-adrenalina-nuevamente-a-michoacan","status":"publish","type":"post","link":"https:\/\/radiowebmx.com\/nota\/carrera-panamericana-llena-de-velocidad-y-adrenalina-nuevamente-a-michoacan\/","title":{"rendered":"Carrera Panamericana llena de velocidad y adrenalina nuevamente a Michoac\u00e1n"},"content":{"rendered":"\n<p><strong>Regres\u00f3 al estado para el gusto de los amantes del turismo deportivo<\/strong><\/p>\n\n\n\n<p><strong>Ricardo Cordero y Marco Hern\u00e1ndez llegaron en primer lugar con El Malditillo<\/strong><\/p>\n\n\n\n<p>Morelia, Michoac\u00e1n.- La Carrera Panamericana encendi\u00f3 motores y regres\u00f3 nuevamente a Michoac\u00e1n tras haberse ausentado de la entidad. Este retorno se logr\u00f3 tras la gesti\u00f3n del gobernador Alfredo Ram\u00edrez Bedolla a trav\u00e9s de la Secretar\u00eda de Turismo estatal que encabeza Roberto Monroy Garc\u00eda.<\/p>\n\n\n\n<p>Despu\u00e9s de realizar su rally por la carretera Mil Cumbres, los pilotos llegaron a la Catedral de Morelia para dar el banderazo oficial por parte organizadores y autoridades como Alejandro Hern\u00e1ndez Torres, director de Desarrollo de Empresas Tur\u00edsticas de la Sectur estatal, quien acudi\u00f3 en representaci\u00f3n de Roberto Monroy.<\/p>\n\n\n\n<p>Ricardo Cordero de San Luis Potos\u00ed y Marco Hern\u00e1ndez de Morelia, piloto y copiloto llegaron en primer lugar con El Malditillo, quienes van a la cabeza y se colocan como l\u00edderes por casi 1 minuto y medio, sobre los actuales campeones.<\/p>\n\n\n\n<p>Durante el acto inaugural en \u201cel alma de M\u00e9xico\u201d se record\u00f3 la importancia de esta actividad llena de adrenalina que logra conjuntar en un sano ambiente a personas de distintas edades.<\/p>\n\n\n\n<p>Los 700 automovilistas de 70 equipos llegaron para lograr atraer a p\u00fablico desde infantil hasta adulto que no desperdiciaron la oportunidad de acercarse a los autom\u00f3viles y grabarlos en video adem\u00e1s de tomarles fotograf\u00edas.<\/p>\n\n\n\n<p>Tras la pernocta que realizar\u00e1n este d\u00eda en la capital michoacana, los pilotos recorrer\u00e1n 10 municipios del estado: Morelia, Charo, Cop\u00e1ndaro, Quer\u00e9ndaro, Hidalgo, Indaparapeo, Tzitzio, \u00c1lvaro Obreg\u00f3n, Cuitzeo y Zinap\u00e9cuaro, antes de continuar con su recorrido nacional.<\/p>\n","protected":false},"excerpt":{"rendered":"<p>Regres\u00f3 al estado para el gusto de los amantes del turismo deportivo Ricardo Cordero y Marco Hern\u00e1ndez llegaron en primer lugar con El Malditillo Morelia, Michoac\u00e1n.- La Carrera Panamericana encendi\u00f3 motores y regres\u00f3 nuevamente a Michoac\u00e1n tras haberse ausentado de la entidad. Este retorno se logr\u00f3 tras la gesti\u00f3n del gobernador Alfredo Ram\u00edrez Bedolla a [&hellip;]<\/p>\n","protected":false},"author":2,"featured_media":71437,"comment_status":"closed","ping_status":"closed","sticky":false,"template":"","format":"standard","meta":{"footnotes":""},"categories":[14],"tags":[],"class_list":["post-71436","post","type-post","status-publish","format-standard","has-post-thumbnail","hentry","category-destacadas"],"_links":{"self":[{"href":"https:\/\/radiowebmx.com\/nota\/wp-json\/wp\/v2\/posts\/71436","targetHints":{"allow":["GET"]}}],"collection":[{"href":"https:\/\/radiowebmx.com\/nota\/wp-json\/wp\/v2\/posts"}],"about":[{"href":"https:\/\/radiowebmx.com\/nota\/wp-json\/wp\/v2\/types\/post"}],"author":[{"embeddable":true,"href":"https:\/\/radiowebmx.com\/nota\/wp-json\/wp\/v2\/users\/2"}],"replies":[{"embeddable":true,"href":"https:\/\/radiowebmx.com\/nota\/wp-json\/wp\/v2\/comments?post=71436"}],"version-history":[{"count":1,"href":"https:\/\/radiowebmx.com\/nota\/wp-json\/wp\/v2\/posts\/71436\/revisions"}],"predecessor-version":[{"id":71438,"href":"https:\/\/radiowebmx.com\/nota\/wp-json\/wp\/v2\/posts\/71436\/revisions\/71438"}],"wp:featuredmedia":[{"embeddable":true,"href":"https:\/\/radiowebmx.com\/nota\/wp-json\/wp\/v2\/media\/71437"}],"wp:attachment":[{"href":"https:\/\/radiowebmx.com\/nota\/wp-json\/wp\/v2\/media?parent=71436"}],"wp:term":[{"taxonomy":"category","embeddable":true,"href":"https:\/\/radiowebmx.com\/nota\/wp-json\/wp\/v2\/categories?post=71436"},{"taxonomy":"post_tag","embeddable":true,"href":"https:\/\/radiowebmx.com\/nota\/wp-json\/wp\/v2\/tags?post=71436"}],"curies":[{"name":"wp","href":"https:\/\/api.w.org\/{rel}","templated":true}]}}