{"id":71433,"date":"2024-10-10T17:08:33","date_gmt":"2024-10-10T22:08:33","guid":{"rendered":"https:\/\/radiowebmx.com\/nota\/?p=71433"},"modified":"2024-10-10T17:08:37","modified_gmt":"2024-10-10T22:08:37","slug":"marea-verde-inunda-michoacan-el-aborto-es-ley-bedolla","status":"publish","type":"post","link":"https:\/\/radiowebmx.com\/nota\/marea-verde-inunda-michoacan-el-aborto-es-ley-bedolla\/","title":{"rendered":"&#8220;Marea verde&#8221; inunda Michoac\u00e1n; el aborto es ley: Bedolla"},"content":{"rendered":"\n<p><strong>\u2022 El Plan Morelos avanza a favor de los derechos de las mujeres<\/strong><\/p>\n\n\n\n<p>Morelia, Michoac\u00e1n, 10 de octubre de 2024.- A m\u00e1s de una d\u00e9cada y tras la lucha hist\u00f3rica de las mujeres, en Michoac\u00e1n fue aprobado por el Congreso la reforma legal que despenaliza el aborto, se\u00f1al\u00f3 Alfredo Ram\u00edrez Bedolla gobernador del Estado,<\/p>\n\n\n\n<p>Las reformas constitucionales planteadas en el Plan Morelos, dijo, son una realidad y avanzan considerablemente a favor de los derechos de las mujeres y las personas gestantes, principalmente en derechos sexuales y reproductivos.<\/p>\n\n\n\n<p>El mandatario reconoci\u00f3 el papel de las diputadas y los diputados locales por colocarse a la altura de las circunstancias y de los nuevos tiempos, al aprobar diversas modificaciones a las leyes estatales que permitir\u00e1n que las mujeres interrumpan su embarazo hasta las 12 semanas.<\/p>\n\n\n\n<p>\u201cEs tiempo de mujeres\u201d, puntualiz\u00f3 tras destacar que los derechos de las mujeres son prioridad en su administraci\u00f3n, por lo que se garantizar\u00e1 la autonom\u00eda reproductiva de todas las mujeres y personas gestantes michoacanas.<\/p>\n\n\n\n<p>El gobernador de Michoac\u00e1n manifest\u00f3 que, con esta aprobaci\u00f3n, se atiende una asignatura pendiente con las michoacanas y se prioriza la protecci\u00f3n de los derechos fundamentales de las mujeres, ni\u00f1as y adolescentes, toda vez que no se puede ir contra la dignidad.<\/p>\n\n\n\n<p>Destac\u00f3 que con esto se avanza en la construcci\u00f3n de una sociedad donde la maternidad sea libre y elegida, sin atentar contra la autonom\u00eda reproductiva y el desarrollo de la personalidad.<\/p>\n","protected":false},"excerpt":{"rendered":"<p>\u2022 El Plan Morelos avanza a favor de los derechos de las mujeres Morelia, Michoac\u00e1n, 10 de octubre de 2024.- A m\u00e1s de una d\u00e9cada y tras la lucha hist\u00f3rica de las mujeres, en Michoac\u00e1n fue aprobado por el Congreso la reforma legal que despenaliza el aborto, se\u00f1al\u00f3 Alfredo Ram\u00edrez Bedolla gobernador del Estado, Las [&hellip;]<\/p>\n","protected":false},"author":2,"featured_media":71434,"comment_status":"closed","ping_status":"closed","sticky":false,"template":"","format":"standard","meta":{"footnotes":""},"categories":[3],"tags":[],"class_list":["post-71433","post","type-post","status-publish","format-standard","has-post-thumbnail","hentry","category-gobierno-del-estado-de-michoacan"],"_links":{"self":[{"href":"https:\/\/radiowebmx.com\/nota\/wp-json\/wp\/v2\/posts\/71433","targetHints":{"allow":["GET"]}}],"collection":[{"href":"https:\/\/radiowebmx.com\/nota\/wp-json\/wp\/v2\/posts"}],"about":[{"href":"https:\/\/radiowebmx.com\/nota\/wp-json\/wp\/v2\/types\/post"}],"author":[{"embeddable":true,"href":"https:\/\/radiowebmx.com\/nota\/wp-json\/wp\/v2\/users\/2"}],"replies":[{"embeddable":true,"href":"https:\/\/radiowebmx.com\/nota\/wp-json\/wp\/v2\/comments?post=71433"}],"version-history":[{"count":1,"href":"https:\/\/radiowebmx.com\/nota\/wp-json\/wp\/v2\/posts\/71433\/revisions"}],"predecessor-version":[{"id":71435,"href":"https:\/\/radiowebmx.com\/nota\/wp-json\/wp\/v2\/posts\/71433\/revisions\/71435"}],"wp:featuredmedia":[{"embeddable":true,"href":"https:\/\/radiowebmx.com\/nota\/wp-json\/wp\/v2\/media\/71434"}],"wp:attachment":[{"href":"https:\/\/radiowebmx.com\/nota\/wp-json\/wp\/v2\/media?parent=71433"}],"wp:term":[{"taxonomy":"category","embeddable":true,"href":"https:\/\/radiowebmx.com\/nota\/wp-json\/wp\/v2\/categories?post=71433"},{"taxonomy":"post_tag","embeddable":true,"href":"https:\/\/radiowebmx.com\/nota\/wp-json\/wp\/v2\/tags?post=71433"}],"curies":[{"name":"wp","href":"https:\/\/api.w.org\/{rel}","templated":true}]}}