{"id":71430,"date":"2024-10-10T17:06:18","date_gmt":"2024-10-10T22:06:18","guid":{"rendered":"https:\/\/radiowebmx.com\/nota\/?p=71430"},"modified":"2024-10-10T17:06:21","modified_gmt":"2024-10-10T22:06:21","slug":"reforma-al-poder-judicial-respetara-derechos-laborales-de-trabajadores-bedolla","status":"publish","type":"post","link":"https:\/\/radiowebmx.com\/nota\/reforma-al-poder-judicial-respetara-derechos-laborales-de-trabajadores-bedolla\/","title":{"rendered":"Reforma al Poder Judicial respetar\u00e1 derechos laborales de trabajadores: Bedolla"},"content":{"rendered":"\n<p>Morelia, Michoac\u00e1n, 10 de octubre de 2024.- La iniciativa de Reforma Constitucional al Poder Judicial de Michoac\u00e1n contempla el respeto a los derechos laborales de las y los trabajadores, as\u00ed lo recalc\u00f3 el gobernador Alfredo Ram\u00edrez Bedolla en el evento donde se firm\u00f3 dicha propuesta.<\/p>\n\n\n\n<p>Tras realizar la entrega de la iniciativa al presidente de la Mesa Directiva del Congreso del Estado, Juan Antonio Maga\u00f1a de la Mora, el mandatario estatal resalt\u00f3 que los derechos sindicales, la carrera judicial para los puestos, desde escribiente hasta secretario de Acuerdos, as\u00ed como el contrato colectivo y las bases otorgadas, ser\u00e1n respetadas.<\/p>\n\n\n\n<p>Se\u00f1al\u00f3 que esta reforma obedece a la homologaci\u00f3n de la Constituci\u00f3n del estado con la federal, la cual fue promovida por el expresidente Andr\u00e9s Manuel L\u00f3pez Obrador y respaldada por la presidenta Claudia Sheinbaum Pardo, misma que establece que \u00fanicamente juezas, jueces, magistradas y magistrados ser\u00e1n electos por el pueblo.<\/p>\n\n\n\n<p>Reconoci\u00f3 la apertura al di\u00e1logo del presidente del Supremo Tribunal de Justicia, Jorge Res\u00e9ndiz Garc\u00eda para elaborar la propuesta.<\/p>\n\n\n\n<p>Adem\u00e1s, resalt\u00f3 que en dicha iniciativa se incluyeron las opiniones de jueces, magistrados, trabajadores sindicalizados y de base, a efecto de respetar sus derechos laborales.<\/p>\n\n\n\n<p>Recalc\u00f3 que las y los michoacanos acceder\u00e1n a la justicia de manera pronta, para garantizar sus derechos, con lo cual se avanza tambi\u00e9n en el combate a la corrupci\u00f3n.<\/p>\n","protected":false},"excerpt":{"rendered":"<p>Morelia, Michoac\u00e1n, 10 de octubre de 2024.- La iniciativa de Reforma Constitucional al Poder Judicial de Michoac\u00e1n contempla el respeto a los derechos laborales de las y los trabajadores, as\u00ed lo recalc\u00f3 el gobernador Alfredo Ram\u00edrez Bedolla en el evento donde se firm\u00f3 dicha propuesta. Tras realizar la entrega de la iniciativa al presidente de [&hellip;]<\/p>\n","protected":false},"author":2,"featured_media":71431,"comment_status":"closed","ping_status":"closed","sticky":false,"template":"","format":"standard","meta":{"footnotes":""},"categories":[3],"tags":[],"class_list":["post-71430","post","type-post","status-publish","format-standard","has-post-thumbnail","hentry","category-gobierno-del-estado-de-michoacan"],"_links":{"self":[{"href":"https:\/\/radiowebmx.com\/nota\/wp-json\/wp\/v2\/posts\/71430","targetHints":{"allow":["GET"]}}],"collection":[{"href":"https:\/\/radiowebmx.com\/nota\/wp-json\/wp\/v2\/posts"}],"about":[{"href":"https:\/\/radiowebmx.com\/nota\/wp-json\/wp\/v2\/types\/post"}],"author":[{"embeddable":true,"href":"https:\/\/radiowebmx.com\/nota\/wp-json\/wp\/v2\/users\/2"}],"replies":[{"embeddable":true,"href":"https:\/\/radiowebmx.com\/nota\/wp-json\/wp\/v2\/comments?post=71430"}],"version-history":[{"count":1,"href":"https:\/\/radiowebmx.com\/nota\/wp-json\/wp\/v2\/posts\/71430\/revisions"}],"predecessor-version":[{"id":71432,"href":"https:\/\/radiowebmx.com\/nota\/wp-json\/wp\/v2\/posts\/71430\/revisions\/71432"}],"wp:featuredmedia":[{"embeddable":true,"href":"https:\/\/radiowebmx.com\/nota\/wp-json\/wp\/v2\/media\/71431"}],"wp:attachment":[{"href":"https:\/\/radiowebmx.com\/nota\/wp-json\/wp\/v2\/media?parent=71430"}],"wp:term":[{"taxonomy":"category","embeddable":true,"href":"https:\/\/radiowebmx.com\/nota\/wp-json\/wp\/v2\/categories?post=71430"},{"taxonomy":"post_tag","embeddable":true,"href":"https:\/\/radiowebmx.com\/nota\/wp-json\/wp\/v2\/tags?post=71430"}],"curies":[{"name":"wp","href":"https:\/\/api.w.org\/{rel}","templated":true}]}}