{"id":71424,"date":"2024-10-10T16:58:50","date_gmt":"2024-10-10T21:58:50","guid":{"rendered":"https:\/\/radiowebmx.com\/nota\/?p=71424"},"modified":"2024-10-10T16:58:54","modified_gmt":"2024-10-10T21:58:54","slug":"por-fin-scop-da-mantenimiento-a-carretera-federal-morelia-patzcuaro-trabajos-duraran-3-semanas","status":"publish","type":"post","link":"https:\/\/radiowebmx.com\/nota\/por-fin-scop-da-mantenimiento-a-carretera-federal-morelia-patzcuaro-trabajos-duraran-3-semanas\/","title":{"rendered":"Por fin, SCOP da mantenimiento a carretera federal Morelia-P\u00e1tzcuaro; trabajos durar\u00e1n 3 semanas"},"content":{"rendered":"\n<p><strong>\u2022 Como medida emergente ante los da\u00f1os severos que presenta<\/strong><\/p>\n\n\n\n<p>Morelia, Michoac\u00e1n.- La Secretar\u00eda de Comunicaciones y Obras P\u00fablicas (SCOP) inici\u00f3 la rehabilitaci\u00f3n de 1.2 kil\u00f3metros de la carretera federal Morelia-P\u00e1tzcuaro, en ambos sentidos, como medida emergente ante los imperfectos que se han generado en la zona.<\/p>\n\n\n\n<p>El titular de la dependencia, Rogelio Zaraz\u00faa S\u00e1nchez, inform\u00f3 que los trabajos se realizan del kil\u00f3metro 3+000 al 4+200, que comprende desde el puente vehicular que entronca con el libramiento de Morelia hasta el paso superior vehicular con destino a la tenencia Morelos, en ambos sentidos de la vialidad, adem\u00e1s de las curvas de acceso.<\/p>\n\n\n\n<p>Los trabajos de conservaci\u00f3n durar\u00e1n tres semanas y se desarrollan por instrucciones del gobernador Alfredo Ram\u00edrez Bedolla, como medida emergente ante los baches que se generan en la zona y en apoyo al Gobierno de M\u00e9xico, previo al programa federal de bacheo que implementar\u00e1 la Secretar\u00eda de Infraestructura, Comunicaciones y Transportes (SICT).<\/p>\n\n\n\n<p>Esto se suman a los ya realizados mediante bacheo emergente en 19 tramos de origen federal a lo largo de la geograf\u00eda michoacana en una extensi\u00f3n de m\u00e1s de mil 500 kil\u00f3metros.<\/p>\n","protected":false},"excerpt":{"rendered":"<p>\u2022 Como medida emergente ante los da\u00f1os severos que presenta Morelia, Michoac\u00e1n.- La Secretar\u00eda de Comunicaciones y Obras P\u00fablicas (SCOP) inici\u00f3 la rehabilitaci\u00f3n de 1.2 kil\u00f3metros de la carretera federal Morelia-P\u00e1tzcuaro, en ambos sentidos, como medida emergente ante los imperfectos que se han generado en la zona. El titular de la dependencia, Rogelio Zaraz\u00faa S\u00e1nchez, [&hellip;]<\/p>\n","protected":false},"author":2,"featured_media":71425,"comment_status":"closed","ping_status":"closed","sticky":false,"template":"","format":"standard","meta":{"footnotes":""},"categories":[14],"tags":[],"class_list":["post-71424","post","type-post","status-publish","format-standard","has-post-thumbnail","hentry","category-destacadas"],"_links":{"self":[{"href":"https:\/\/radiowebmx.com\/nota\/wp-json\/wp\/v2\/posts\/71424","targetHints":{"allow":["GET"]}}],"collection":[{"href":"https:\/\/radiowebmx.com\/nota\/wp-json\/wp\/v2\/posts"}],"about":[{"href":"https:\/\/radiowebmx.com\/nota\/wp-json\/wp\/v2\/types\/post"}],"author":[{"embeddable":true,"href":"https:\/\/radiowebmx.com\/nota\/wp-json\/wp\/v2\/users\/2"}],"replies":[{"embeddable":true,"href":"https:\/\/radiowebmx.com\/nota\/wp-json\/wp\/v2\/comments?post=71424"}],"version-history":[{"count":1,"href":"https:\/\/radiowebmx.com\/nota\/wp-json\/wp\/v2\/posts\/71424\/revisions"}],"predecessor-version":[{"id":71426,"href":"https:\/\/radiowebmx.com\/nota\/wp-json\/wp\/v2\/posts\/71424\/revisions\/71426"}],"wp:featuredmedia":[{"embeddable":true,"href":"https:\/\/radiowebmx.com\/nota\/wp-json\/wp\/v2\/media\/71425"}],"wp:attachment":[{"href":"https:\/\/radiowebmx.com\/nota\/wp-json\/wp\/v2\/media?parent=71424"}],"wp:term":[{"taxonomy":"category","embeddable":true,"href":"https:\/\/radiowebmx.com\/nota\/wp-json\/wp\/v2\/categories?post=71424"},{"taxonomy":"post_tag","embeddable":true,"href":"https:\/\/radiowebmx.com\/nota\/wp-json\/wp\/v2\/tags?post=71424"}],"curies":[{"name":"wp","href":"https:\/\/api.w.org\/{rel}","templated":true}]}}