{"id":71420,"date":"2024-10-10T16:55:34","date_gmt":"2024-10-10T21:55:34","guid":{"rendered":"https:\/\/radiowebmx.com\/nota\/?p=71420"},"modified":"2024-10-10T16:55:38","modified_gmt":"2024-10-10T21:55:38","slug":"asume-gobierno-de-michoacan-coordinacion-del-tianguis-limonero-de-apatzingan","status":"publish","type":"post","link":"https:\/\/radiowebmx.com\/nota\/asume-gobierno-de-michoacan-coordinacion-del-tianguis-limonero-de-apatzingan\/","title":{"rendered":"Asume Gobierno de Michoac\u00e1n coordinaci\u00f3n del Tianguis Limonero de Apatzing\u00e1n"},"content":{"rendered":"\n<p>Apatzing\u00e1n, Michoac\u00e1n, 9 de octubre de 2024.- El Gobierno de Michoac\u00e1n coordinar\u00e1 la operaci\u00f3n, junto con los productores, del Tianguis Limonero de Apatzing\u00e1n, con el objetivo de impulsar la venta, producci\u00f3n y comercializaci\u00f3n del c\u00edtrico en la regi\u00f3n, lo que dar\u00e1 certeza a los que integran la cadena productiva del fruto.<\/p>\n\n\n\n<p>El secretario de Gobierno, Carlos Torres Pi\u00f1a, firm\u00f3 un convenio con la Asociaci\u00f3n de Citricultores del Valle de Apatzing\u00e1n (ACVA), a fin de que la administraci\u00f3n estatal se sume a la operaci\u00f3n del espacio que sirve para la comercializaci\u00f3n del lim\u00f3n michoacano.<\/p>\n\n\n\n<figure class=\"wp-block-image size-full is-resized\"><a href=\"https:\/\/radiowebmx.com\/nota\/wp-content\/uploads\/2024\/10\/image-12.png\"><img loading=\"lazy\" decoding=\"async\" width=\"394\" height=\"270\" src=\"https:\/\/radiowebmx.com\/nota\/wp-content\/uploads\/2024\/10\/image-12.png\" alt=\"\" class=\"wp-image-71422\" style=\"aspect-ratio:1.4592592592592593;width:344px;height:auto\"\/><\/a><\/figure>\n\n\n\n<p>El encargado de la pol\u00edtica interna anunci\u00f3 que se trabaja para la instalaci\u00f3n de una biof\u00e1brica en la regi\u00f3n y reiter\u00f3 que continuar\u00e1 la coordinaci\u00f3n con el Gobierno federal para trazar una ruta integral que impulse el desarrollo social y la seguridad en la zona.<\/p>\n\n\n\n<p>El presidente de la Asociaci\u00f3n de Citricultores del Valle de Apatzing\u00e1n, Bernardo Bravo Manr\u00edquez, agradeci\u00f3 el respaldo del Gobierno estatal y de las autoridades de seguridad.<\/p>\n\n\n\n<p>Por su parte, el secretario de Agricultura y Desarrollo Rural, Cuauht\u00e9moc Ram\u00edrez Romero, se\u00f1al\u00f3 que desde el inicio de la administraci\u00f3n del gobernador Alfredo Ram\u00edrez Bedolla se ha tenido el compromiso de respaldar a los productores de c\u00edtricos de las m\u00e1s de 64 mil hect\u00e1reas en 26 municipios.<\/p>\n\n\n\n<p>Sostuvo que a la fecha se trabaja en la certificaci\u00f3n de la producci\u00f3n y con ello poder reforzar que se cumplan con las medidas y normas de sanidad y lograr la trazabilidad del sistema producto lim\u00f3n.<\/p>\n","protected":false},"excerpt":{"rendered":"<p>Apatzing\u00e1n, Michoac\u00e1n, 9 de octubre de 2024.- El Gobierno de Michoac\u00e1n coordinar\u00e1 la operaci\u00f3n, junto con los productores, del Tianguis Limonero de Apatzing\u00e1n, con el objetivo de impulsar la venta, producci\u00f3n y comercializaci\u00f3n del c\u00edtrico en la regi\u00f3n, lo que dar\u00e1 certeza a los que integran la cadena productiva del fruto. El secretario de Gobierno, [&hellip;]<\/p>\n","protected":false},"author":2,"featured_media":71421,"comment_status":"closed","ping_status":"closed","sticky":false,"template":"","format":"standard","meta":{"footnotes":""},"categories":[3],"tags":[],"class_list":["post-71420","post","type-post","status-publish","format-standard","has-post-thumbnail","hentry","category-gobierno-del-estado-de-michoacan"],"_links":{"self":[{"href":"https:\/\/radiowebmx.com\/nota\/wp-json\/wp\/v2\/posts\/71420","targetHints":{"allow":["GET"]}}],"collection":[{"href":"https:\/\/radiowebmx.com\/nota\/wp-json\/wp\/v2\/posts"}],"about":[{"href":"https:\/\/radiowebmx.com\/nota\/wp-json\/wp\/v2\/types\/post"}],"author":[{"embeddable":true,"href":"https:\/\/radiowebmx.com\/nota\/wp-json\/wp\/v2\/users\/2"}],"replies":[{"embeddable":true,"href":"https:\/\/radiowebmx.com\/nota\/wp-json\/wp\/v2\/comments?post=71420"}],"version-history":[{"count":1,"href":"https:\/\/radiowebmx.com\/nota\/wp-json\/wp\/v2\/posts\/71420\/revisions"}],"predecessor-version":[{"id":71423,"href":"https:\/\/radiowebmx.com\/nota\/wp-json\/wp\/v2\/posts\/71420\/revisions\/71423"}],"wp:featuredmedia":[{"embeddable":true,"href":"https:\/\/radiowebmx.com\/nota\/wp-json\/wp\/v2\/media\/71421"}],"wp:attachment":[{"href":"https:\/\/radiowebmx.com\/nota\/wp-json\/wp\/v2\/media?parent=71420"}],"wp:term":[{"taxonomy":"category","embeddable":true,"href":"https:\/\/radiowebmx.com\/nota\/wp-json\/wp\/v2\/categories?post=71420"},{"taxonomy":"post_tag","embeddable":true,"href":"https:\/\/radiowebmx.com\/nota\/wp-json\/wp\/v2\/tags?post=71420"}],"curies":[{"name":"wp","href":"https:\/\/api.w.org\/{rel}","templated":true}]}}