{"id":71401,"date":"2024-10-03T20:47:21","date_gmt":"2024-10-04T01:47:21","guid":{"rendered":"https:\/\/radiowebmx.com\/nota\/?p=71401"},"modified":"2024-10-03T20:47:25","modified_gmt":"2024-10-04T01:47:25","slug":"arranca-ssm-actividades-del-mes-de-sensibilizacion-sobre-el-cancer-de-mama","status":"publish","type":"post","link":"https:\/\/radiowebmx.com\/nota\/arranca-ssm-actividades-del-mes-de-sensibilizacion-sobre-el-cancer-de-mama\/","title":{"rendered":"Arranca SSM actividades del Mes de Sensibilizaci\u00f3n sobre el C\u00e1ncer de Mama"},"content":{"rendered":"\n<p>Con la inauguraci\u00f3n de Unidad de Especialidades M\u00e9dicas<\/p>\n\n\n\n<p>\u2022 Durante octubre realizar\u00e1 mastograf\u00edas, consultas m\u00e9dicas y charlas sobre autoexploraci\u00f3n<\/p>\n\n\n\n<p>Morelia, Michoac\u00e1n, 3 de octubre de 2024.- La Secretar\u00eda de Salud de Michoac\u00e1n (SSM) arranc\u00f3 las actividades del Mes de Sensibilizaci\u00f3n sobre el C\u00e1ncer de Mama, enfocadas a la detecci\u00f3n temprana con mastograf\u00edas gratuitas, charlas preventivas y consultas m\u00e9dicas durante todo octubre en la Unidad de Especialidades M\u00e9dicas dedicada al C\u00e1ncer de Mama (Uneme Dedicam).<\/p>\n\n\n\n<p>La instituci\u00f3n se\u00f1ala que el c\u00e1ncer de mama no distingue condici\u00f3n, edad o g\u00e9nero, ya que en 2023 se diagnostic\u00f3 a dos mujeres de 24 y 90 a\u00f1os, a dos embarazadas y a un hombre, por lo que reitera la importancia de una exploraci\u00f3n mensual, visitas regulares al m\u00e9dico y la mastograf\u00eda anual en la Uneme Dedicam en Morelia, abierta desde 2014 y con m\u00e1s de 100 mil estudios realizados, de los cuales, mil 070 fueron positivos.<\/p>\n\n\n\n<figure class=\"wp-block-image size-full is-resized\"><a href=\"https:\/\/radiowebmx.com\/nota\/wp-content\/uploads\/2024\/10\/image-10.png\"><img loading=\"lazy\" decoding=\"async\" width=\"394\" height=\"262\" src=\"https:\/\/radiowebmx.com\/nota\/wp-content\/uploads\/2024\/10\/image-10.png\" alt=\"\" class=\"wp-image-71402\" style=\"aspect-ratio:1.5038167938931297;width:384px;height:auto\"\/><\/a><\/figure>\n\n\n\n<p>De acuerdo con la directora de la Uneme Dedicam, Paulina Huerta Moctezuma, la autoexploraci\u00f3n y la mastograf\u00eda ayudan a reducir la mortalidad con un diagn\u00f3stico oportuno, que con tratamiento a tiempo se logra curar. Empero, se estima que a nivel nacional el 90 por ciento del c\u00e1ncer de mama se detecta en etapas tard\u00edas, ya cuando la esperanza de vida es menor.<\/p>\n\n\n\n<p>Huerta Moctezuma exhort\u00f3 a la poblaci\u00f3n a acudir a la Uneme Dedicam solicitar su mastograf\u00eda en Guillermo Roquet 250, colonia Ocolusen, en Morelia, ya que tiene la capacidad de realizar 160 mastograf\u00edas al d\u00eda y de detectar lesiones menores a un cent\u00edmetro, que no son palpables y no presentan s\u00edntomas ni dolor. Las citas pueden agendarse personalmente, en los tel\u00e9fonos 443 324 6133 y al 443 315 4615 o por mensaje en el n\u00famero de WhatsApp al 443 550 7473.<\/p>\n\n\n\n<figure class=\"wp-block-image size-large is-resized\"><a href=\"https:\/\/radiowebmx.com\/nota\/wp-content\/uploads\/2024\/10\/image-11.png\"><img loading=\"lazy\" decoding=\"async\" width=\"960\" height=\"639\" src=\"https:\/\/radiowebmx.com\/nota\/wp-content\/uploads\/2024\/10\/image-11-960x639.png\" alt=\"\" class=\"wp-image-71404\" style=\"aspect-ratio:1.5023474178403755;width:404px;height:auto\" srcset=\"https:\/\/radiowebmx.com\/nota\/wp-content\/uploads\/2024\/10\/image-11-960x639.png 960w, https:\/\/radiowebmx.com\/nota\/wp-content\/uploads\/2024\/10\/image-11-595x396.png 595w, https:\/\/radiowebmx.com\/nota\/wp-content\/uploads\/2024\/10\/image-11-768x511.png 768w, https:\/\/radiowebmx.com\/nota\/wp-content\/uploads\/2024\/10\/image-11.png 1280w\" sizes=\"auto, (max-width: 960px) 100vw, 960px\" \/><\/a><\/figure>\n\n\n\n<p>Asistieron las secretarias del Bienestar, Andrea Serna Hern\u00e1ndez; Desarrollo Urbano y Movilidad, Gladyz Butanda Mac\u00edas; Igualdad Sustantiva y Desarrollo de las Mujeres Michoacanas, Alejandra Anguiano Gonz\u00e1lez; as\u00ed como la diputada local Giulianna Bugarini Torres; el jefe de la Jurisdicci\u00f3n Sanitaria de Morelia, Jes\u00fas Melgoza L\u00f3pez; la subdirectora de Promoci\u00f3n de la Salud, Mariela Rodr\u00edguez Espinoza; y la directora del Hospital de la Mujer, Olivia Cardoso Navarrete.<\/p>\n","protected":false},"excerpt":{"rendered":"<p>Con la inauguraci\u00f3n de Unidad de Especialidades M\u00e9dicas \u2022 Durante octubre realizar\u00e1 mastograf\u00edas, consultas m\u00e9dicas y charlas sobre autoexploraci\u00f3n Morelia, Michoac\u00e1n, 3 de octubre de 2024.- La Secretar\u00eda de Salud de Michoac\u00e1n (SSM) arranc\u00f3 las actividades del Mes de Sensibilizaci\u00f3n sobre el C\u00e1ncer de Mama, enfocadas a la detecci\u00f3n temprana con mastograf\u00edas gratuitas, charlas preventivas [&hellip;]<\/p>\n","protected":false},"author":2,"featured_media":71403,"comment_status":"closed","ping_status":"closed","sticky":false,"template":"","format":"standard","meta":{"footnotes":""},"categories":[3],"tags":[],"class_list":["post-71401","post","type-post","status-publish","format-standard","has-post-thumbnail","hentry","category-gobierno-del-estado-de-michoacan"],"_links":{"self":[{"href":"https:\/\/radiowebmx.com\/nota\/wp-json\/wp\/v2\/posts\/71401","targetHints":{"allow":["GET"]}}],"collection":[{"href":"https:\/\/radiowebmx.com\/nota\/wp-json\/wp\/v2\/posts"}],"about":[{"href":"https:\/\/radiowebmx.com\/nota\/wp-json\/wp\/v2\/types\/post"}],"author":[{"embeddable":true,"href":"https:\/\/radiowebmx.com\/nota\/wp-json\/wp\/v2\/users\/2"}],"replies":[{"embeddable":true,"href":"https:\/\/radiowebmx.com\/nota\/wp-json\/wp\/v2\/comments?post=71401"}],"version-history":[{"count":1,"href":"https:\/\/radiowebmx.com\/nota\/wp-json\/wp\/v2\/posts\/71401\/revisions"}],"predecessor-version":[{"id":71405,"href":"https:\/\/radiowebmx.com\/nota\/wp-json\/wp\/v2\/posts\/71401\/revisions\/71405"}],"wp:featuredmedia":[{"embeddable":true,"href":"https:\/\/radiowebmx.com\/nota\/wp-json\/wp\/v2\/media\/71403"}],"wp:attachment":[{"href":"https:\/\/radiowebmx.com\/nota\/wp-json\/wp\/v2\/media?parent=71401"}],"wp:term":[{"taxonomy":"category","embeddable":true,"href":"https:\/\/radiowebmx.com\/nota\/wp-json\/wp\/v2\/categories?post=71401"},{"taxonomy":"post_tag","embeddable":true,"href":"https:\/\/radiowebmx.com\/nota\/wp-json\/wp\/v2\/tags?post=71401"}],"curies":[{"name":"wp","href":"https:\/\/api.w.org\/{rel}","templated":true}]}}