{"id":71393,"date":"2024-10-03T20:38:55","date_gmt":"2024-10-04T01:38:55","guid":{"rendered":"https:\/\/radiowebmx.com\/nota\/?p=71393"},"modified":"2024-10-03T20:39:04","modified_gmt":"2024-10-04T01:39:04","slug":"sectur-federal-promocionara-los-manantiales-de-uranden-ofrece-josefina-rodriguez","status":"publish","type":"post","link":"https:\/\/radiowebmx.com\/nota\/sectur-federal-promocionara-los-manantiales-de-uranden-ofrece-josefina-rodriguez\/","title":{"rendered":"Sectur federal promocionar\u00e1 los manantiales de Urand\u00e9n, ofrece Josefina Rodr\u00edguez"},"content":{"rendered":"\n<p>\u2022 Michoac\u00e1n presume en CDMX otros atractivos para atraer a m\u00e1s turistas y visitantes<\/p>\n\n\n\n<p>Ciudad de M\u00e9xico, 3 de octubre de 2024.- El Gobierno de M\u00e9xico promocionar\u00e1 los manantiales de la isla de Urand\u00e9n, en el lago de P\u00e1tzcuaro, as\u00ed lo ofreci\u00f3 la secretaria de Turismo federal, Josefina Rodr\u00edguez Zamora, durante la inauguraci\u00f3n de Michoac\u00e1n en Masaryk, evento donde la entidad presumir\u00e1 durante todo el mes de octubre sus principales atractivos.<\/p>\n\n\n\n<figure class=\"wp-block-image size-full is-resized\"><a href=\"https:\/\/radiowebmx.com\/nota\/wp-content\/uploads\/2024\/10\/image-8.png\"><img loading=\"lazy\" decoding=\"async\" width=\"394\" height=\"295\" src=\"https:\/\/radiowebmx.com\/nota\/wp-content\/uploads\/2024\/10\/image-8.png\" alt=\"\" class=\"wp-image-71394\" style=\"aspect-ratio:1.335593220338983;width:370px;height:auto\"\/><\/a><\/figure>\n\n\n\n<p>La funcionaria federal reconoci\u00f3 el trabajo de promoci\u00f3n que ha realizado el secretario de Turismo en el estado, Roberto Monroy Garc\u00eda, para destacar a la entidad a nivel nacional e internacional y adelant\u00f3 que pr\u00f3ximamente visitar\u00e1 Michoac\u00e1n para vivir y comprobar porqu\u00e9 es \u201cel alma de M\u00e9xico\u201d.<\/p>\n\n\n\n<p>En representaci\u00f3n del gobernador Alfredo Ram\u00edrez Bedolla, Monroy Garc\u00eda agradeci\u00f3 la promoci\u00f3n que se dar\u00e1 a Michoac\u00e1n durante todo el mes de octubre en Punto M\u00e9xico, que se localiza dentro de las instalaciones de la Sectur federal, donde turistas y visitantes nacionales e internacionales podr\u00e1n enamorarse de las catrinas de Capula, las piezas de cobre de Santa Clara del Cobre o de las pi\u00f1as de San Jos\u00e9 de Gracia, entre otras creaciones.<\/p>\n\n\n\n<figure class=\"wp-block-image size-full is-resized\"><a href=\"https:\/\/radiowebmx.com\/nota\/wp-content\/uploads\/2024\/10\/image-9.png\"><img loading=\"lazy\" decoding=\"async\" width=\"394\" height=\"295\" src=\"https:\/\/radiowebmx.com\/nota\/wp-content\/uploads\/2024\/10\/image-9.png\" alt=\"\" class=\"wp-image-71396\" style=\"aspect-ratio:1.335593220338983;width:370px;height:auto\"\/><\/a><\/figure>\n\n\n\n<p>\u201cSomos un estado privilegiado con los regalos de la naturaleza, y seguimos con el trabajo de posicionamiento del estado, como indic\u00f3 el gobernador Alfredo Ram\u00edrez Bedolla\u201d, se\u00f1al\u00f3 el encargado de la pol\u00edtica tur\u00edstica estatal.<\/p>\n\n\n\n<p>Desde el mes de agosto de este a\u00f1o los manantiales de Urand\u00e9n se encuentran abiertos al p\u00fablico por medio de recorridos tur\u00edsticos, luego de haber sido rehabilitados como parte de las acciones que realiza el Gobierno de Michoac\u00e1n para la preservaci\u00f3n y rescate del lago de P\u00e1tzcuaro.<\/p>\n","protected":false},"excerpt":{"rendered":"<p>\u2022 Michoac\u00e1n presume en CDMX otros atractivos para atraer a m\u00e1s turistas y visitantes Ciudad de M\u00e9xico, 3 de octubre de 2024.- El Gobierno de M\u00e9xico promocionar\u00e1 los manantiales de la isla de Urand\u00e9n, en el lago de P\u00e1tzcuaro, as\u00ed lo ofreci\u00f3 la secretaria de Turismo federal, Josefina Rodr\u00edguez Zamora, durante la inauguraci\u00f3n de Michoac\u00e1n [&hellip;]<\/p>\n","protected":false},"author":2,"featured_media":71395,"comment_status":"closed","ping_status":"closed","sticky":false,"template":"","format":"standard","meta":{"footnotes":""},"categories":[3],"tags":[],"class_list":["post-71393","post","type-post","status-publish","format-standard","has-post-thumbnail","hentry","category-gobierno-del-estado-de-michoacan"],"_links":{"self":[{"href":"https:\/\/radiowebmx.com\/nota\/wp-json\/wp\/v2\/posts\/71393","targetHints":{"allow":["GET"]}}],"collection":[{"href":"https:\/\/radiowebmx.com\/nota\/wp-json\/wp\/v2\/posts"}],"about":[{"href":"https:\/\/radiowebmx.com\/nota\/wp-json\/wp\/v2\/types\/post"}],"author":[{"embeddable":true,"href":"https:\/\/radiowebmx.com\/nota\/wp-json\/wp\/v2\/users\/2"}],"replies":[{"embeddable":true,"href":"https:\/\/radiowebmx.com\/nota\/wp-json\/wp\/v2\/comments?post=71393"}],"version-history":[{"count":1,"href":"https:\/\/radiowebmx.com\/nota\/wp-json\/wp\/v2\/posts\/71393\/revisions"}],"predecessor-version":[{"id":71397,"href":"https:\/\/radiowebmx.com\/nota\/wp-json\/wp\/v2\/posts\/71393\/revisions\/71397"}],"wp:featuredmedia":[{"embeddable":true,"href":"https:\/\/radiowebmx.com\/nota\/wp-json\/wp\/v2\/media\/71395"}],"wp:attachment":[{"href":"https:\/\/radiowebmx.com\/nota\/wp-json\/wp\/v2\/media?parent=71393"}],"wp:term":[{"taxonomy":"category","embeddable":true,"href":"https:\/\/radiowebmx.com\/nota\/wp-json\/wp\/v2\/categories?post=71393"},{"taxonomy":"post_tag","embeddable":true,"href":"https:\/\/radiowebmx.com\/nota\/wp-json\/wp\/v2\/tags?post=71393"}],"curies":[{"name":"wp","href":"https:\/\/api.w.org\/{rel}","templated":true}]}}