{"id":71364,"date":"2024-10-02T19:52:53","date_gmt":"2024-10-03T00:52:53","guid":{"rendered":"https:\/\/radiowebmx.com\/nota\/?p=71364"},"modified":"2024-10-02T19:52:57","modified_gmt":"2024-10-03T00:52:57","slug":"nunca-mas-el-dominio-del-crimen-organizado-obispos-llaman-a-sheinbaum-a-restaurar-la-paz","status":"publish","type":"post","link":"https:\/\/radiowebmx.com\/nota\/nunca-mas-el-dominio-del-crimen-organizado-obispos-llaman-a-sheinbaum-a-restaurar-la-paz\/","title":{"rendered":"\u00abNunca m\u00e1s el dominio del crimen organizado\u00bb: obispos llaman a Sheinbaum a restaurar la paz"},"content":{"rendered":"\n<p><strong>Los cl\u00e9rigos enviaron una carta en la que desearon a Claudia Sheinbaum un buen comienzo de gobierno y se\u00f1alaron la importancia de implementar pol\u00edticas p\u00fablicas para atender diferentes temas como la seguridad o la educaci\u00f3n<\/strong><\/p>\n\n\n\n<p>Obispos de M\u00e9xico difundieron una carta dirigida a la pr\u00f3xima presidenta de M\u00e9xico,&nbsp;<strong>Claudia Sheinbaum<\/strong>, donde les solicitan la implementaci\u00f3n de pol\u00edticas p\u00fablicas para garantizar la seguridad de los ciudadanos con el prop\u00f3sito de restaurar la paz.<\/p>\n\n\n\n<p>\u201cEstas pol\u00edticas deben ser impulsadas y garantizadas desde el gobierno de la Rep\u00fablica por el mandato constitucional que tiene y por las herramientas y los recursos con los que cuenta para lograr el prop\u00f3sito de la paz social\u201d indica un escrito difundido por la Conferencia del Episcopado Mexicano (<strong>CEM<\/strong>).<\/p>\n\n\n\n<p>\u201cNunca m\u00e1s el dominio del crimen organizado ni de la delincuencia en general\u201d, pide el documento.<\/p>\n\n\n\n<p>El CEM comienza su escrito dese\u00e1ndole a&nbsp;<strong>Claudia Sheinbaum<\/strong>&nbsp;un buen inicio de gobierno y se\u00f1al\u00f3 que creen que al llegar por primera vez una mujer a la presidencia del pa\u00eds \u201csabr\u00e1 tener una gran sensibilidad y respeto impulsando todo aquello que redunde para el bien y el desarrollo social de todos los ciudadanos\u201d.<\/p>\n\n\n\n<p>Para los obispos,<strong>&nbsp;M\u00e9xico<\/strong>&nbsp;debe ser un pa\u00eds donde se respete la Constituci\u00f3n, la cual no debe ser violentada por \u201csectores sociales o pol\u00edticos\u201d, adem\u00e1s indicaron que est\u00e1n convencidos de que el pa\u00eds debe \u201cvolver a vivir en un verdadero Estado de derecho democr\u00e1tico\u201d, con un equilibrio de poderes.<\/p>\n\n\n\n<p>Tambi\u00e9n se\u00f1al\u00f3 la importancia de trabajar \u201ccon seriedad y visi\u00f3n\u201d para mejorar del&nbsp;<strong>sistema educativo<\/strong>, al cual califican como descuidado por pol\u00edticas p\u00fablicas limitadas de recursos y por una visi\u00f3n carente de humanismo.<\/p>\n\n\n\n<p>\u201cNecesitamos un nuevo&nbsp;<strong>pacto educativo&nbsp;<\/strong>que involucre a todos los protagonistas en esta que es una de las tareas m\u00e1s importantes de toda la sociedad\u201d, detall\u00f3.<\/p>\n","protected":false},"excerpt":{"rendered":"<p>Los cl\u00e9rigos enviaron una carta en la que desearon a Claudia Sheinbaum un buen comienzo de gobierno y se\u00f1alaron la importancia de implementar pol\u00edticas p\u00fablicas para atender diferentes temas como la seguridad o la educaci\u00f3n Obispos de M\u00e9xico difundieron una carta dirigida a la pr\u00f3xima presidenta de M\u00e9xico,&nbsp;Claudia Sheinbaum, donde les solicitan la implementaci\u00f3n de [&hellip;]<\/p>\n","protected":false},"author":2,"featured_media":71365,"comment_status":"closed","ping_status":"closed","sticky":false,"template":"","format":"standard","meta":{"footnotes":""},"categories":[14],"tags":[],"class_list":["post-71364","post","type-post","status-publish","format-standard","has-post-thumbnail","hentry","category-destacadas"],"_links":{"self":[{"href":"https:\/\/radiowebmx.com\/nota\/wp-json\/wp\/v2\/posts\/71364","targetHints":{"allow":["GET"]}}],"collection":[{"href":"https:\/\/radiowebmx.com\/nota\/wp-json\/wp\/v2\/posts"}],"about":[{"href":"https:\/\/radiowebmx.com\/nota\/wp-json\/wp\/v2\/types\/post"}],"author":[{"embeddable":true,"href":"https:\/\/radiowebmx.com\/nota\/wp-json\/wp\/v2\/users\/2"}],"replies":[{"embeddable":true,"href":"https:\/\/radiowebmx.com\/nota\/wp-json\/wp\/v2\/comments?post=71364"}],"version-history":[{"count":1,"href":"https:\/\/radiowebmx.com\/nota\/wp-json\/wp\/v2\/posts\/71364\/revisions"}],"predecessor-version":[{"id":71366,"href":"https:\/\/radiowebmx.com\/nota\/wp-json\/wp\/v2\/posts\/71364\/revisions\/71366"}],"wp:featuredmedia":[{"embeddable":true,"href":"https:\/\/radiowebmx.com\/nota\/wp-json\/wp\/v2\/media\/71365"}],"wp:attachment":[{"href":"https:\/\/radiowebmx.com\/nota\/wp-json\/wp\/v2\/media?parent=71364"}],"wp:term":[{"taxonomy":"category","embeddable":true,"href":"https:\/\/radiowebmx.com\/nota\/wp-json\/wp\/v2\/categories?post=71364"},{"taxonomy":"post_tag","embeddable":true,"href":"https:\/\/radiowebmx.com\/nota\/wp-json\/wp\/v2\/tags?post=71364"}],"curies":[{"name":"wp","href":"https:\/\/api.w.org\/{rel}","templated":true}]}}