{"id":71357,"date":"2024-10-02T19:43:55","date_gmt":"2024-10-03T00:43:55","guid":{"rendered":"https:\/\/radiowebmx.com\/nota\/?p=71357"},"modified":"2024-10-02T19:43:59","modified_gmt":"2024-10-03T00:43:59","slug":"con-claudia-sheinbaum-en-la-presidencia-de-la-republica-se-marca-el-tiempo-de-las-mujeres-bedolla","status":"publish","type":"post","link":"https:\/\/radiowebmx.com\/nota\/con-claudia-sheinbaum-en-la-presidencia-de-la-republica-se-marca-el-tiempo-de-las-mujeres-bedolla\/","title":{"rendered":"Con Claudia Sheinbaum en la Presidencia de la Rep\u00fablica, se marca el tiempo de las mujeres: Bedolla"},"content":{"rendered":"\n<p>Morelia, Michoac\u00e1n, 30 de septiembre de 2024.- Al participar como orador oficial en la ceremonia por el 259 Aniversario del Natalicio de Don Jos\u00e9 Mar\u00eda Morelos y Pav\u00f3n, el gobernador Alfredo Ram\u00edrez Bedolla destac\u00f3 que con la llegada de Claudia Sheinbaum Pardo a la Presidencia de la Rep\u00fablica se marca el tiempo de las mujeres, al ser un momento hist\u00f3rico que por primera vez en 200 a\u00f1os, una mujer sea la presidenta de M\u00e9xico.<\/p>\n\n\n\n<p>Resalt\u00f3 que es trascendente porque rompe con los estereotipos y las ideas de la derecha conservadora y su llegada al Poder Ejecutivo representa la derrota del pensamiento que relegaba a la mujer de la vida p\u00fablica.<\/p>\n\n\n\n<figure class=\"wp-block-image size-full is-resized\"><a href=\"https:\/\/radiowebmx.com\/nota\/wp-content\/uploads\/2024\/10\/image-3.png\"><img loading=\"lazy\" decoding=\"async\" width=\"472\" height=\"315\" src=\"https:\/\/radiowebmx.com\/nota\/wp-content\/uploads\/2024\/10\/image-3.png\" alt=\"\" class=\"wp-image-71358\" style=\"aspect-ratio:1.4984126984126984;width:389px;height:auto\"\/><\/a><\/figure>\n\n\n\n<p>Asimismo, Ram\u00edrez Bedolla recalc\u00f3 que ahora las mujeres asumir\u00e1n cada vez mayores espacios de representaci\u00f3n y de gobierno. Expuso que, ocurre as\u00ed porque es voluntad del pueblo y como lo demostr\u00f3 Morelos, es el pueblo quien forja su destino y determina la impronta que dejar\u00e1 en el tiempo.<\/p>\n\n\n\n<p>Adem\u00e1s, el mandatario se\u00f1al\u00f3 que en el Plan Morelos se sintetizan las aspiraciones y los sentimientos del pueblo michoacano, integrando un conjunto de iniciativas de reformas legislativas que incluyen la legalizaci\u00f3n de la interrupci\u00f3n del embarazo, garantizar los derechos de las comunidades y pueblos originarios al autogobierno.<\/p>\n\n\n\n<p>Manifest\u00f3 que una forma de honrar al General\u00edsimo Morelos es luchando por hacer efectivos los derechos y libertades, ampli\u00e1ndolos y que la pol\u00edtica y el gobierno est\u00e9n al servicio del pueblo, aspirando que el futuro sea mejor que el presente.<\/p>\n","protected":false},"excerpt":{"rendered":"<p>Morelia, Michoac\u00e1n, 30 de septiembre de 2024.- Al participar como orador oficial en la ceremonia por el 259 Aniversario del Natalicio de Don Jos\u00e9 Mar\u00eda Morelos y Pav\u00f3n, el gobernador Alfredo Ram\u00edrez Bedolla destac\u00f3 que con la llegada de Claudia Sheinbaum Pardo a la Presidencia de la Rep\u00fablica se marca el tiempo de las mujeres, [&hellip;]<\/p>\n","protected":false},"author":2,"featured_media":71359,"comment_status":"closed","ping_status":"closed","sticky":false,"template":"","format":"standard","meta":{"footnotes":""},"categories":[3],"tags":[],"class_list":["post-71357","post","type-post","status-publish","format-standard","has-post-thumbnail","hentry","category-gobierno-del-estado-de-michoacan"],"_links":{"self":[{"href":"https:\/\/radiowebmx.com\/nota\/wp-json\/wp\/v2\/posts\/71357","targetHints":{"allow":["GET"]}}],"collection":[{"href":"https:\/\/radiowebmx.com\/nota\/wp-json\/wp\/v2\/posts"}],"about":[{"href":"https:\/\/radiowebmx.com\/nota\/wp-json\/wp\/v2\/types\/post"}],"author":[{"embeddable":true,"href":"https:\/\/radiowebmx.com\/nota\/wp-json\/wp\/v2\/users\/2"}],"replies":[{"embeddable":true,"href":"https:\/\/radiowebmx.com\/nota\/wp-json\/wp\/v2\/comments?post=71357"}],"version-history":[{"count":1,"href":"https:\/\/radiowebmx.com\/nota\/wp-json\/wp\/v2\/posts\/71357\/revisions"}],"predecessor-version":[{"id":71360,"href":"https:\/\/radiowebmx.com\/nota\/wp-json\/wp\/v2\/posts\/71357\/revisions\/71360"}],"wp:featuredmedia":[{"embeddable":true,"href":"https:\/\/radiowebmx.com\/nota\/wp-json\/wp\/v2\/media\/71359"}],"wp:attachment":[{"href":"https:\/\/radiowebmx.com\/nota\/wp-json\/wp\/v2\/media?parent=71357"}],"wp:term":[{"taxonomy":"category","embeddable":true,"href":"https:\/\/radiowebmx.com\/nota\/wp-json\/wp\/v2\/categories?post=71357"},{"taxonomy":"post_tag","embeddable":true,"href":"https:\/\/radiowebmx.com\/nota\/wp-json\/wp\/v2\/tags?post=71357"}],"curies":[{"name":"wp","href":"https:\/\/api.w.org\/{rel}","templated":true}]}}