{"id":71341,"date":"2024-10-02T19:22:51","date_gmt":"2024-10-03T00:22:51","guid":{"rendered":"https:\/\/radiowebmx.com\/nota\/?p=71341"},"modified":"2024-10-02T19:22:54","modified_gmt":"2024-10-03T00:22:54","slug":"con-cuartel-valladolid-de-la-guardia-civil-mejorara-seguridad","status":"publish","type":"post","link":"https:\/\/radiowebmx.com\/nota\/con-cuartel-valladolid-de-la-guardia-civil-mejorara-seguridad\/","title":{"rendered":"Con Cuartel Valladolid de la Guardia Civil mejorar\u00e1 seguridad"},"content":{"rendered":"\n<p>\u2022 Beneficiar\u00e1 a m\u00e1s de un mill\u00f3n de habitantes de 14 municipios y mil 217 localidades<\/p>\n\n\n\n<p>Morelia, Michoac\u00e1n, 27 de septiembre de 2024.- El gobernador Alfredo Ram\u00edrez Bedolla inaugur\u00f3 el Cuartel Valladolid de la Guardia Civil, complejo de m\u00e1s de 30 mil metros cuadrados que albergar\u00e1 a m\u00e1s de 400 polic\u00edas para beneficiar a m\u00e1s de un mill\u00f3n de habitantes de 14 municipios y mil 217 localidades.<\/p>\n\n\n\n<p>Tras cuatro a\u00f1os de que iniciaran las obras y gracias a las gestiones del mandatario, el secretario de Seguridad P\u00fablica, Juan Carlos Oseguera Cort\u00e9s, destac\u00f3 que la premisa es continuar con la dignificaci\u00f3n laboral de los guardias civiles, brindarles espacios de trabajo para que cuenten con todas las herramientas necesarias para que ejerzan sus tareas sin inconvenientes y con ello, obtener mejores resultados en materia de seguridad.<\/p>\n\n\n\n<figure class=\"wp-block-image size-full is-resized\"><a href=\"https:\/\/radiowebmx.com\/nota\/wp-content\/uploads\/2024\/10\/image.png\"><img loading=\"lazy\" decoding=\"async\" width=\"472\" height=\"315\" src=\"https:\/\/radiowebmx.com\/nota\/wp-content\/uploads\/2024\/10\/image.png\" alt=\"\" class=\"wp-image-71342\" style=\"aspect-ratio:1.4984126984126984;width:412px;height:auto\"\/><\/a><\/figure>\n\n\n\n<p>&#8220;Hoy hemos disminuido un 50 por ciento el homicidio doloso de Michoac\u00e1n y eso se debe a la acci\u00f3n coordinada con las instituciones, pero sobre todo por la entrega de las mujeres y hombres que hoy tengo enfrente; por ello seguiremos apostando a la dignificaci\u00f3n policial para generar mejores condiciones de trabajo&#8221;, manifest\u00f3 Ram\u00edrez Bedolla.<\/p>\n\n\n\n<p>El Cuartel Valladolid cuenta con cuatro dormitorios m\u00faltiples, comedor para 150 comensales; gimnasio, pista de adiestramiento f\u00edsico al aire libre, cancha deportiva, \u00e1rea m\u00e9dica con servicios generales y de ortodoncia, ludoteca, estand de tiro, taller mec\u00e1nico, armer\u00eda y \u00e1rea de esparcimiento, entre otras.<\/p>\n\n\n\n<p>Es el m\u00e1s grande de la Guardia Civil y fortalecer\u00e1 el despliegue policial en la regi\u00f3n que comprende los municipios de Acuitzio, Madero, Charo, Tzitzio, Indaparapeo, Quer\u00e9ndaro, Tar\u00edmbaro, \u00c1lvaro Obreg\u00f3n, Santa Ana Maya, Cuitzeo, Cop\u00e1ndaro, Chuc\u00e1ndiro, Huandacareo y Morelia, lo que permitir\u00e1 incrementar la respuesta policial ante las emergencias.<\/p>\n","protected":false},"excerpt":{"rendered":"<p>\u2022 Beneficiar\u00e1 a m\u00e1s de un mill\u00f3n de habitantes de 14 municipios y mil 217 localidades Morelia, Michoac\u00e1n, 27 de septiembre de 2024.- El gobernador Alfredo Ram\u00edrez Bedolla inaugur\u00f3 el Cuartel Valladolid de la Guardia Civil, complejo de m\u00e1s de 30 mil metros cuadrados que albergar\u00e1 a m\u00e1s de 400 polic\u00edas para beneficiar a m\u00e1s [&hellip;]<\/p>\n","protected":false},"author":2,"featured_media":71343,"comment_status":"closed","ping_status":"closed","sticky":false,"template":"","format":"standard","meta":{"footnotes":""},"categories":[14,3],"tags":[],"class_list":["post-71341","post","type-post","status-publish","format-standard","has-post-thumbnail","hentry","category-destacadas","category-gobierno-del-estado-de-michoacan"],"_links":{"self":[{"href":"https:\/\/radiowebmx.com\/nota\/wp-json\/wp\/v2\/posts\/71341","targetHints":{"allow":["GET"]}}],"collection":[{"href":"https:\/\/radiowebmx.com\/nota\/wp-json\/wp\/v2\/posts"}],"about":[{"href":"https:\/\/radiowebmx.com\/nota\/wp-json\/wp\/v2\/types\/post"}],"author":[{"embeddable":true,"href":"https:\/\/radiowebmx.com\/nota\/wp-json\/wp\/v2\/users\/2"}],"replies":[{"embeddable":true,"href":"https:\/\/radiowebmx.com\/nota\/wp-json\/wp\/v2\/comments?post=71341"}],"version-history":[{"count":1,"href":"https:\/\/radiowebmx.com\/nota\/wp-json\/wp\/v2\/posts\/71341\/revisions"}],"predecessor-version":[{"id":71344,"href":"https:\/\/radiowebmx.com\/nota\/wp-json\/wp\/v2\/posts\/71341\/revisions\/71344"}],"wp:featuredmedia":[{"embeddable":true,"href":"https:\/\/radiowebmx.com\/nota\/wp-json\/wp\/v2\/media\/71343"}],"wp:attachment":[{"href":"https:\/\/radiowebmx.com\/nota\/wp-json\/wp\/v2\/media?parent=71341"}],"wp:term":[{"taxonomy":"category","embeddable":true,"href":"https:\/\/radiowebmx.com\/nota\/wp-json\/wp\/v2\/categories?post=71341"},{"taxonomy":"post_tag","embeddable":true,"href":"https:\/\/radiowebmx.com\/nota\/wp-json\/wp\/v2\/tags?post=71341"}],"curies":[{"name":"wp","href":"https:\/\/api.w.org\/{rel}","templated":true}]}}