{"id":71330,"date":"2024-09-18T19:15:37","date_gmt":"2024-09-19T00:15:37","guid":{"rendered":"https:\/\/radiowebmx.com\/nota\/?p=71330"},"modified":"2024-09-18T19:16:21","modified_gmt":"2024-09-19T00:16:21","slug":"con-entrega-de-patrullas-se-fortalece-la-seguridad-de-27-comunidades-con-autogobierno-bedolla","status":"publish","type":"post","link":"https:\/\/radiowebmx.com\/nota\/con-entrega-de-patrullas-se-fortalece-la-seguridad-de-27-comunidades-con-autogobierno-bedolla\/","title":{"rendered":"Con entrega de patrullas se fortalece la seguridad de 27 comunidades con autogobierno: Bedolla"},"content":{"rendered":"\n<figure class=\"wp-block-image size-full is-resized\"><a href=\"https:\/\/radiowebmx.com\/nota\/wp-content\/uploads\/2024\/09\/image-3.png\"><img loading=\"lazy\" decoding=\"async\" width=\"591\" height=\"393\" src=\"https:\/\/radiowebmx.com\/nota\/wp-content\/uploads\/2024\/09\/image-3.png\" alt=\"\" class=\"wp-image-71331\" style=\"aspect-ratio:1.5038167938931297;width:412px;height:auto\"\/><\/a><\/figure>\n\n\n\n<p>Morelia, Michoac\u00e1n, 18 de septiembre de 2024.- El gobernador Alfredo Ram\u00edrez Bedolla realiz\u00f3 la entrega de 27 patrullas a comunidades ind\u00edgenas con autogobierno con lo cual se fortalecer\u00e1 a las rondas comunitarias, as\u00ed como a las kuarichas, agrupamientos encargados de velar por la seguridad de las localidades.<\/p>\n\n\n\n<p>Durante el evento, el mandatario expuso que hoy no se entregan nada m\u00e1s patrullas, sino que es un paso m\u00e1s en la consolidaci\u00f3n en esta pol\u00edtica de estado. Adem\u00e1s, se\u00f1al\u00f3 que en Michoac\u00e1n se tendr\u00e1 que trabajar para homologar la reforma constitucional ind\u00edgena y se tenga esa ampliaci\u00f3n de derechos a las comunidades.<\/p>\n\n\n\n<p>Ram\u00edrez Bedolla destac\u00f3 que se ha avanzado en materia de seguridad al reformarse la Ley del Sistema Estatal de Seguridad P\u00fablica, ya que ahora se reconoce a las polic\u00edas y las rondas comunitarias, por lo que se realiza un esfuerzo para asignarles presupuesto de manera directa.<\/p>\n\n\n\n<p>Inform\u00f3 que en d\u00edas pasados se hizo entrega de equipamiento para estas comunidades, como armas de fuego para los elementos que ya se encuentran certificados y capacitados para coordinarse con las fuerzas de seguridad, como la Guardia Civil, Guardia Nacional y el Ej\u00e9rcito Mexicano.<\/p>\n\n\n\n<p>En tanto, el secretario de Gobierno, Carlos Torres Pi\u00f1a, se\u00f1al\u00f3 que al inicio de este gobierno exist\u00edan 11 comunidades con autogobierno, y ahora, gracias a que una de las pol\u00edticas p\u00fablicas de esta administraci\u00f3n, es reconocer los derechos de las localidades, suman ya 40 localidades con este modelo.<\/p>\n\n\n\n<p>Refiri\u00f3 que el Fondo para el Fortalecimiento para la Paz (Fortapaz), con el cual se adquirieron estas 27 patrullas, es un programa \u00fanico a nivel nacional, creado por el gobernador para apoyar a los municipios y a las comunidades con autogobierno, al brindarles equipamiento para reforzar la seguridad.<\/p>\n\n\n\n<p>Las comunidades beneficiadas con estas unidades son: Arantepacua, San Juan Carapan, Carpinteros, Cher\u00e1n Atzicuir\u00edn, Donaciano Ojeda, Isla Tecuena, Jes\u00fas D\u00edaz Tsirio, La Cantera, Nuevo Zirosto, Pamat\u00e1cuaro, Quinceo, San \u00c1ngel Zurumucapio, San Benito Palermo, San Crist\u00f3bal, San Francisco Perib\u00e1n, San Francisco Pich\u00e1taro, San Isidro, San Mateo Ahuiran, San Pedro Ocumicho, Santa Cruz Tanaco, Santiago Azajo, Sicuicho, Tarecuato, Tur\u00edcuaro, Zac\u00e1n, San Miguel Pomacuar\u00e1n y Santa Fe de la Laguna.<\/p>\n","protected":false},"excerpt":{"rendered":"<p>Morelia, Michoac\u00e1n, 18 de septiembre de 2024.- El gobernador Alfredo Ram\u00edrez Bedolla realiz\u00f3 la entrega de 27 patrullas a comunidades ind\u00edgenas con autogobierno con lo cual se fortalecer\u00e1 a las rondas comunitarias, as\u00ed como a las kuarichas, agrupamientos encargados de velar por la seguridad de las localidades. Durante el evento, el mandatario expuso que hoy [&hellip;]<\/p>\n","protected":false},"author":2,"featured_media":71332,"comment_status":"closed","ping_status":"closed","sticky":false,"template":"","format":"standard","meta":{"footnotes":""},"categories":[3],"tags":[],"class_list":["post-71330","post","type-post","status-publish","format-standard","has-post-thumbnail","hentry","category-gobierno-del-estado-de-michoacan"],"_links":{"self":[{"href":"https:\/\/radiowebmx.com\/nota\/wp-json\/wp\/v2\/posts\/71330","targetHints":{"allow":["GET"]}}],"collection":[{"href":"https:\/\/radiowebmx.com\/nota\/wp-json\/wp\/v2\/posts"}],"about":[{"href":"https:\/\/radiowebmx.com\/nota\/wp-json\/wp\/v2\/types\/post"}],"author":[{"embeddable":true,"href":"https:\/\/radiowebmx.com\/nota\/wp-json\/wp\/v2\/users\/2"}],"replies":[{"embeddable":true,"href":"https:\/\/radiowebmx.com\/nota\/wp-json\/wp\/v2\/comments?post=71330"}],"version-history":[{"count":1,"href":"https:\/\/radiowebmx.com\/nota\/wp-json\/wp\/v2\/posts\/71330\/revisions"}],"predecessor-version":[{"id":71333,"href":"https:\/\/radiowebmx.com\/nota\/wp-json\/wp\/v2\/posts\/71330\/revisions\/71333"}],"wp:featuredmedia":[{"embeddable":true,"href":"https:\/\/radiowebmx.com\/nota\/wp-json\/wp\/v2\/media\/71332"}],"wp:attachment":[{"href":"https:\/\/radiowebmx.com\/nota\/wp-json\/wp\/v2\/media?parent=71330"}],"wp:term":[{"taxonomy":"category","embeddable":true,"href":"https:\/\/radiowebmx.com\/nota\/wp-json\/wp\/v2\/categories?post=71330"},{"taxonomy":"post_tag","embeddable":true,"href":"https:\/\/radiowebmx.com\/nota\/wp-json\/wp\/v2\/tags?post=71330"}],"curies":[{"name":"wp","href":"https:\/\/api.w.org\/{rel}","templated":true}]}}