{"id":71307,"date":"2024-09-16T15:50:58","date_gmt":"2024-09-16T20:50:58","guid":{"rendered":"https:\/\/radiowebmx.com\/nota\/?p=71307"},"modified":"2024-09-16T15:51:02","modified_gmt":"2024-09-16T20:51:02","slug":"ante-miles-de-michoacanos-bedolla-da-el-grito-de-independencia","status":"publish","type":"post","link":"https:\/\/radiowebmx.com\/nota\/ante-miles-de-michoacanos-bedolla-da-el-grito-de-independencia\/","title":{"rendered":"Ante miles de michoacanos, Bedolla da el Grito de Independencia"},"content":{"rendered":"\n<p>Morelia, Michoac\u00e1n, 15 de septiembre de 2024.- Ante miles de michoacanos, el gobernador Alfredo Ram\u00edrez Bedolla dio el tradicional Grito de Independencia desde el balc\u00f3n principal de Palacio de Gobierno, donde onde\u00f3 la bandera de M\u00e9xico y vitore\u00f3 a los h\u00e9roes que nos dieron patria y libertad.<\/p>\n\n\n\n<p>Para conmemorar el 214 de Aniversario del Inicio de la Independencia, en punto de las 22:30 horas, el mandatario estatal lanz\u00f3 el tradicional \u00a1viva la Independencia de M\u00e9xico!.<\/p>\n\n\n\n<p>As\u00ed como \u00a1viva la autonom\u00eda de los pueblos ind\u00edgenas, \u00a1viva el pueblo pur\u00e9pecha!, \u00a1viva el pueblo otom\u00ed!, viva el pueblo n\u00e1huatl!, y \u00a1viva el pueblo mazahua.<\/p>\n\n\n\n<figure class=\"wp-block-image size-full is-resized\"><a href=\"https:\/\/radiowebmx.com\/nota\/wp-content\/uploads\/2024\/09\/image-1.png\"><img loading=\"lazy\" decoding=\"async\" width=\"591\" height=\"393\" src=\"https:\/\/radiowebmx.com\/nota\/wp-content\/uploads\/2024\/09\/image-1.png\" alt=\"\" class=\"wp-image-71308\" style=\"aspect-ratio:1.5038167938931297;width:552px;height:auto\"\/><\/a><\/figure>\n\n\n\n<p>Posteriormente, Ram\u00edrez Bedolla repic\u00f3 la campana, y en compa\u00f1\u00eda del presidente del Supremo Tribunal de Justicia, Jorge Res\u00e9ndiz Garc\u00eda; del presidente de la Mesa Directiva del Congreso del Estado, Juan Antonio Maga\u00f1a de la Mora; as\u00ed como de autoridades militares, estatales y municipales, presenciaron el encendido de los juegos pirot\u00e9cnicos que iluminaron el cielo de la capital michoacana.<\/p>\n\n\n\n<p>Posteriormente, en un ambiente de fiesta, las familias asistentes al primer cuadro de la ciudad disfrutaron del concierto de la Banda El Recodo.<\/p>\n","protected":false},"excerpt":{"rendered":"<p>Morelia, Michoac\u00e1n, 15 de septiembre de 2024.- Ante miles de michoacanos, el gobernador Alfredo Ram\u00edrez Bedolla dio el tradicional Grito de Independencia desde el balc\u00f3n principal de Palacio de Gobierno, donde onde\u00f3 la bandera de M\u00e9xico y vitore\u00f3 a los h\u00e9roes que nos dieron patria y libertad. Para conmemorar el 214 de Aniversario del Inicio [&hellip;]<\/p>\n","protected":false},"author":2,"featured_media":71309,"comment_status":"closed","ping_status":"closed","sticky":false,"template":"","format":"standard","meta":{"footnotes":""},"categories":[3],"tags":[],"class_list":["post-71307","post","type-post","status-publish","format-standard","has-post-thumbnail","hentry","category-gobierno-del-estado-de-michoacan"],"_links":{"self":[{"href":"https:\/\/radiowebmx.com\/nota\/wp-json\/wp\/v2\/posts\/71307","targetHints":{"allow":["GET"]}}],"collection":[{"href":"https:\/\/radiowebmx.com\/nota\/wp-json\/wp\/v2\/posts"}],"about":[{"href":"https:\/\/radiowebmx.com\/nota\/wp-json\/wp\/v2\/types\/post"}],"author":[{"embeddable":true,"href":"https:\/\/radiowebmx.com\/nota\/wp-json\/wp\/v2\/users\/2"}],"replies":[{"embeddable":true,"href":"https:\/\/radiowebmx.com\/nota\/wp-json\/wp\/v2\/comments?post=71307"}],"version-history":[{"count":1,"href":"https:\/\/radiowebmx.com\/nota\/wp-json\/wp\/v2\/posts\/71307\/revisions"}],"predecessor-version":[{"id":71310,"href":"https:\/\/radiowebmx.com\/nota\/wp-json\/wp\/v2\/posts\/71307\/revisions\/71310"}],"wp:featuredmedia":[{"embeddable":true,"href":"https:\/\/radiowebmx.com\/nota\/wp-json\/wp\/v2\/media\/71309"}],"wp:attachment":[{"href":"https:\/\/radiowebmx.com\/nota\/wp-json\/wp\/v2\/media?parent=71307"}],"wp:term":[{"taxonomy":"category","embeddable":true,"href":"https:\/\/radiowebmx.com\/nota\/wp-json\/wp\/v2\/categories?post=71307"},{"taxonomy":"post_tag","embeddable":true,"href":"https:\/\/radiowebmx.com\/nota\/wp-json\/wp\/v2\/tags?post=71307"}],"curies":[{"name":"wp","href":"https:\/\/api.w.org\/{rel}","templated":true}]}}