{"id":71299,"date":"2024-09-13T20:37:44","date_gmt":"2024-09-14T01:37:44","guid":{"rendered":"https:\/\/radiowebmx.com\/nota\/?p=71299"},"modified":"2024-09-13T20:37:48","modified_gmt":"2024-09-14T01:37:48","slug":"encabeza-bedolla-ceremonia-del-177-aniversario-de-la-gesta-heroica-de-los-ninos-heroes","status":"publish","type":"post","link":"https:\/\/radiowebmx.com\/nota\/encabeza-bedolla-ceremonia-del-177-aniversario-de-la-gesta-heroica-de-los-ninos-heroes\/","title":{"rendered":"Encabeza Bedolla ceremonia del 177 Aniversario de la Gesta Heroica de los Ni\u00f1os H\u00e9roes"},"content":{"rendered":"\n<p>      Morelia, Michoac\u00e1n, 13 de septiembre de 2024.- El gobernador Alfredo Ram\u00edrez Bedolla encabez\u00f3 la ceremonia conmemorativa por el 177 Aniversario de la Gesta Heroica de los Ni\u00f1os H\u00e9roes de Chapultepec, ocurrida el 13 de septiembre de 1847.<\/p>\n\n\n\n<p>      Durante el acto, el mandatario junto a autoridades estatales, militares e invitados, montaron una guardia de honor en el monumento a los Ni\u00f1os H\u00e9roes, donde se encuentran inscritos los nombres del teniente Juan de la Barrera, as\u00ed como de los cadetes, Agust\u00edn Melgar, Francisco M\u00e1rquez, Vicente Su\u00e1rez, Fernando Montes de Oca y Juan Escutia.<\/p>\n","protected":false},"excerpt":{"rendered":"<p>Morelia, Michoac\u00e1n, 13 de septiembre de 2024.- El gobernador Alfredo Ram\u00edrez Bedolla encabez\u00f3 la ceremonia conmemorativa por el 177 Aniversario de la Gesta Heroica de los Ni\u00f1os H\u00e9roes de Chapultepec, ocurrida el 13 de septiembre de 1847. Durante el acto, el mandatario junto a autoridades estatales, militares e invitados, montaron una guardia de honor en [&hellip;]<\/p>\n","protected":false},"author":2,"featured_media":71300,"comment_status":"closed","ping_status":"closed","sticky":false,"template":"","format":"standard","meta":{"footnotes":""},"categories":[3],"tags":[],"class_list":["post-71299","post","type-post","status-publish","format-standard","has-post-thumbnail","hentry","category-gobierno-del-estado-de-michoacan"],"_links":{"self":[{"href":"https:\/\/radiowebmx.com\/nota\/wp-json\/wp\/v2\/posts\/71299","targetHints":{"allow":["GET"]}}],"collection":[{"href":"https:\/\/radiowebmx.com\/nota\/wp-json\/wp\/v2\/posts"}],"about":[{"href":"https:\/\/radiowebmx.com\/nota\/wp-json\/wp\/v2\/types\/post"}],"author":[{"embeddable":true,"href":"https:\/\/radiowebmx.com\/nota\/wp-json\/wp\/v2\/users\/2"}],"replies":[{"embeddable":true,"href":"https:\/\/radiowebmx.com\/nota\/wp-json\/wp\/v2\/comments?post=71299"}],"version-history":[{"count":1,"href":"https:\/\/radiowebmx.com\/nota\/wp-json\/wp\/v2\/posts\/71299\/revisions"}],"predecessor-version":[{"id":71301,"href":"https:\/\/radiowebmx.com\/nota\/wp-json\/wp\/v2\/posts\/71299\/revisions\/71301"}],"wp:featuredmedia":[{"embeddable":true,"href":"https:\/\/radiowebmx.com\/nota\/wp-json\/wp\/v2\/media\/71300"}],"wp:attachment":[{"href":"https:\/\/radiowebmx.com\/nota\/wp-json\/wp\/v2\/media?parent=71299"}],"wp:term":[{"taxonomy":"category","embeddable":true,"href":"https:\/\/radiowebmx.com\/nota\/wp-json\/wp\/v2\/categories?post=71299"},{"taxonomy":"post_tag","embeddable":true,"href":"https:\/\/radiowebmx.com\/nota\/wp-json\/wp\/v2\/tags?post=71299"}],"curies":[{"name":"wp","href":"https:\/\/api.w.org\/{rel}","templated":true}]}}