{"id":71296,"date":"2024-09-13T20:33:57","date_gmt":"2024-09-14T01:33:57","guid":{"rendered":"https:\/\/radiowebmx.com\/nota\/?p=71296"},"modified":"2024-09-13T20:34:00","modified_gmt":"2024-09-14T01:34:00","slug":"estos-seran-los-6-puntos-de-acceso-para-el-centro-historico-de-morelia-por-fiestas-patrias","status":"publish","type":"post","link":"https:\/\/radiowebmx.com\/nota\/estos-seran-los-6-puntos-de-acceso-para-el-centro-historico-de-morelia-por-fiestas-patrias\/","title":{"rendered":"Estos ser\u00e1n los 6 puntos de acceso para el Centro Hist\u00f3rico de Morelia, por fiestas patrias"},"content":{"rendered":"\n<p><strong><em>\u2022 Se instalar\u00e1n adem\u00e1s 31 arcos detectores de metal, rayos X y tres torres de vigilancia<\/em><\/strong><\/p>\n\n\n\n<p>Morelia, Michoac\u00e1n, 13 de septiembre de 2024.- La Secretar\u00eda de Seguridad P\u00fablica (SSP) tiene listo el dispositivo de seguridad que se implementar\u00e1 en el Centro Hist\u00f3rico de Morelia con motivo de la celebraci\u00f3n del Grito de Independencia, el pr\u00f3ximo 15 de septiembre, con el compromiso de garantizar la tranquilidad de las familias michoacanas.<\/p>\n\n\n\n<p>Agentes de la Guardia Civil y de la Fiscal\u00eda General del Estado (FGE), as\u00ed como elementos de Protecci\u00f3n Civil y personal municipal se desplegar\u00e1n de manera estrat\u00e9gica para mantener el orden p\u00fablico y prevenir cualquier acto que atente contra el bienestar de las y los asistentes.<\/p>\n\n\n\n<p>Se instalar\u00e1n 31 arcos detectores de metal, rayos X, equipo de detecci\u00f3n de explosivos y tres torres de vigilancia, por lo que el Centro Hist\u00f3rico permanecer\u00e1 cerrado a la circulaci\u00f3n vehicular a partir de las 22:00 horas del s\u00e1bado 14 de septiembre y se abrir\u00e1 nuevamente el lunes 16 al concluir el desfile.<\/p>\n\n\n\n<p>Para la noche del 15 de septiembre ser\u00e1n habilitados seis accesos para ingresar al primer cuadro de la ciudad:<\/p>\n\n\n\n<p>Macro acceso 1: sobre la avenida Madero, entre las calles Virrey de Mendoza y Pino Su\u00e1rez<\/p>\n\n\n\n<p>Acceso 2: sobre la avenida Morelos Norte, esquina con Aquiles Serd\u00e1n<\/p>\n\n\n\n<p>Acceso 3: sobre la calle Ignacio Zaragoza, esquina con Melchor Ocampo<\/p>\n\n\n\n<p>Acceso 4: sobre calle Corregidora, esquina con Abasolo<\/p>\n\n\n\n<p>Acceso 5: sobre la calle Corregidora, esquina con Garc\u00eda Obeso<\/p>\n\n\n\n<p>Acceso 6: sobre la avenida Morelos Sur, esquina con Allende<\/p>\n\n\n\n<p>Quedar\u00e1 prohibido el ingreso de encendedores, objetos punzocortantes, pirotecnia, drones, bebidas alcoh\u00f3licas, entre otros, por lo que se invita a la poblaci\u00f3n a respetar las medidas preventivas de las autoridades.<\/p>\n\n\n\n<p>Se mantendr\u00e1 presencia de la Guardia Civil en los alrededores del primer cuadro de la ciudad, quienes mantendr\u00e1n labores de vialidad para agilizar el tr\u00e1fico vehicular y garantizar la integridad de peatones; tambi\u00e9n se contar\u00e1 con ambulancias, bomberos, param\u00e9dicos y unidad de salud m\u00f3vil.<\/p>\n\n\n\n<p>La l\u00ednea telef\u00f3nica 911 se encuentra disponible las 24 horas del d\u00eda para reportar cualquier suceso de emergencia.<\/p>\n","protected":false},"excerpt":{"rendered":"<p>\u2022 Se instalar\u00e1n adem\u00e1s 31 arcos detectores de metal, rayos X y tres torres de vigilancia Morelia, Michoac\u00e1n, 13 de septiembre de 2024.- La Secretar\u00eda de Seguridad P\u00fablica (SSP) tiene listo el dispositivo de seguridad que se implementar\u00e1 en el Centro Hist\u00f3rico de Morelia con motivo de la celebraci\u00f3n del Grito de Independencia, el pr\u00f3ximo [&hellip;]<\/p>\n","protected":false},"author":2,"featured_media":71297,"comment_status":"closed","ping_status":"closed","sticky":false,"template":"","format":"standard","meta":{"footnotes":""},"categories":[14],"tags":[],"class_list":["post-71296","post","type-post","status-publish","format-standard","has-post-thumbnail","hentry","category-destacadas"],"_links":{"self":[{"href":"https:\/\/radiowebmx.com\/nota\/wp-json\/wp\/v2\/posts\/71296","targetHints":{"allow":["GET"]}}],"collection":[{"href":"https:\/\/radiowebmx.com\/nota\/wp-json\/wp\/v2\/posts"}],"about":[{"href":"https:\/\/radiowebmx.com\/nota\/wp-json\/wp\/v2\/types\/post"}],"author":[{"embeddable":true,"href":"https:\/\/radiowebmx.com\/nota\/wp-json\/wp\/v2\/users\/2"}],"replies":[{"embeddable":true,"href":"https:\/\/radiowebmx.com\/nota\/wp-json\/wp\/v2\/comments?post=71296"}],"version-history":[{"count":1,"href":"https:\/\/radiowebmx.com\/nota\/wp-json\/wp\/v2\/posts\/71296\/revisions"}],"predecessor-version":[{"id":71298,"href":"https:\/\/radiowebmx.com\/nota\/wp-json\/wp\/v2\/posts\/71296\/revisions\/71298"}],"wp:featuredmedia":[{"embeddable":true,"href":"https:\/\/radiowebmx.com\/nota\/wp-json\/wp\/v2\/media\/71297"}],"wp:attachment":[{"href":"https:\/\/radiowebmx.com\/nota\/wp-json\/wp\/v2\/media?parent=71296"}],"wp:term":[{"taxonomy":"category","embeddable":true,"href":"https:\/\/radiowebmx.com\/nota\/wp-json\/wp\/v2\/categories?post=71296"},{"taxonomy":"post_tag","embeddable":true,"href":"https:\/\/radiowebmx.com\/nota\/wp-json\/wp\/v2\/tags?post=71296"}],"curies":[{"name":"wp","href":"https:\/\/api.w.org\/{rel}","templated":true}]}}