{"id":71293,"date":"2024-09-13T20:26:12","date_gmt":"2024-09-14T01:26:12","guid":{"rendered":"https:\/\/radiowebmx.com\/nota\/?p=71293"},"modified":"2024-09-13T20:26:16","modified_gmt":"2024-09-14T01:26:16","slug":"inaugura-bedolla-exposicion-50-anos-del-escudo-y-lema-oficial-de-michoacan","status":"publish","type":"post","link":"https:\/\/radiowebmx.com\/nota\/inaugura-bedolla-exposicion-50-anos-del-escudo-y-lema-oficial-de-michoacan\/","title":{"rendered":"Inaugura Bedolla exposici\u00f3n 50 A\u00f1os del Escudo y Lema Oficial de Michoac\u00e1n"},"content":{"rendered":"\n<p><strong><em>\u2022 En la Sala 4 del Centro Cultural Clavijero<\/em><\/strong><\/p>\n\n\n\n<p>Morelia, Michoac\u00e1n, 12 de septiembre de 2024.- En el marco de la conmemoraci\u00f3n de los 200 a\u00f1os de Michoac\u00e1n como estado federal, el gobernador Alfredo Ram\u00edrez Bedolla inaugur\u00f3 en el Centro Cultural Clavijero la exposici\u00f3n hist\u00f3rica 50 A\u00f1os del Escudo y Lema Oficial de Michoac\u00e1n.<\/p>\n\n\n\n<p>Expuso que el escudo oficial de la entidad fue creado en el a\u00f1o 1974 por Agust\u00edn C\u00e1rdenas Castro, y el lema \u201cHeredamos Libertad-Legaremos Justicia Social\u201d, que le acompa\u00f1a, por Fidel Ram\u00edrez Aguirre; por ello, para celebrar esta fecha, el pasado 5 de junio se firm\u00f3 el decreto donde se establece que el 12 de septiembre de cada a\u00f1o se conmemorar\u00e1 el D\u00eda Oficial del Escudo del Estado de Michoac\u00e1n.<\/p>\n\n\n\n<p>El mandatario destac\u00f3 que el escudo se integra de dos componentes principales, como son el dise\u00f1o y el lema, mismos que representan con mucha claridad a la entidad.<\/p>\n\n\n\n<p>Adem\u00e1s, Ram\u00edrez Bedolla refiri\u00f3 que es un escudo muy representativo donde se pueden ver diversos elementos como el pescado blanco, las tres coronas de los tres se\u00f1or\u00edos pur\u00e9pechas, a Jos\u00e9 Mar\u00eda Morelos, al Colegio de San Nicol\u00e1s y a la industria michoacana, entre otros.<\/p>\n\n\n\n<p>En tanto, la secretaria de Cultura de Michoac\u00e1n, Tamara Sosa Alan\u00eds, reconoci\u00f3 el trabajo de las familias que contribuyeron para poder realizar la exposici\u00f3n donde se pueden encontrar documentos, impresiones, notas y placas de la primera impresi\u00f3n en prensa para dar a conocer el escudo.<\/p>\n\n\n\n<p>Indic\u00f3 que hoy m\u00e1s que nunca queda muy bien se\u00f1alar este legado que se tiene de libertad y justicia social e invit\u00f3 al p\u00fablico a disfrutar de la exposici\u00f3n que se ubica en la Sala 4 del Centro Cultural Clavijero, la cual estar\u00e1 hasta el mes de diciembre de este a\u00f1o.<\/p>\n","protected":false},"excerpt":{"rendered":"<p>\u2022 En la Sala 4 del Centro Cultural Clavijero Morelia, Michoac\u00e1n, 12 de septiembre de 2024.- En el marco de la conmemoraci\u00f3n de los 200 a\u00f1os de Michoac\u00e1n como estado federal, el gobernador Alfredo Ram\u00edrez Bedolla inaugur\u00f3 en el Centro Cultural Clavijero la exposici\u00f3n hist\u00f3rica 50 A\u00f1os del Escudo y Lema Oficial de Michoac\u00e1n. Expuso [&hellip;]<\/p>\n","protected":false},"author":2,"featured_media":71294,"comment_status":"closed","ping_status":"closed","sticky":false,"template":"","format":"standard","meta":{"footnotes":""},"categories":[3],"tags":[],"class_list":["post-71293","post","type-post","status-publish","format-standard","has-post-thumbnail","hentry","category-gobierno-del-estado-de-michoacan"],"_links":{"self":[{"href":"https:\/\/radiowebmx.com\/nota\/wp-json\/wp\/v2\/posts\/71293","targetHints":{"allow":["GET"]}}],"collection":[{"href":"https:\/\/radiowebmx.com\/nota\/wp-json\/wp\/v2\/posts"}],"about":[{"href":"https:\/\/radiowebmx.com\/nota\/wp-json\/wp\/v2\/types\/post"}],"author":[{"embeddable":true,"href":"https:\/\/radiowebmx.com\/nota\/wp-json\/wp\/v2\/users\/2"}],"replies":[{"embeddable":true,"href":"https:\/\/radiowebmx.com\/nota\/wp-json\/wp\/v2\/comments?post=71293"}],"version-history":[{"count":1,"href":"https:\/\/radiowebmx.com\/nota\/wp-json\/wp\/v2\/posts\/71293\/revisions"}],"predecessor-version":[{"id":71295,"href":"https:\/\/radiowebmx.com\/nota\/wp-json\/wp\/v2\/posts\/71293\/revisions\/71295"}],"wp:featuredmedia":[{"embeddable":true,"href":"https:\/\/radiowebmx.com\/nota\/wp-json\/wp\/v2\/media\/71294"}],"wp:attachment":[{"href":"https:\/\/radiowebmx.com\/nota\/wp-json\/wp\/v2\/media?parent=71293"}],"wp:term":[{"taxonomy":"category","embeddable":true,"href":"https:\/\/radiowebmx.com\/nota\/wp-json\/wp\/v2\/categories?post=71293"},{"taxonomy":"post_tag","embeddable":true,"href":"https:\/\/radiowebmx.com\/nota\/wp-json\/wp\/v2\/tags?post=71293"}],"curies":[{"name":"wp","href":"https:\/\/api.w.org\/{rel}","templated":true}]}}