{"id":71287,"date":"2024-09-13T20:17:53","date_gmt":"2024-09-14T01:17:53","guid":{"rendered":"https:\/\/radiowebmx.com\/nota\/?p=71287"},"modified":"2024-09-13T20:17:57","modified_gmt":"2024-09-14T01:17:57","slug":"michoacan-destaca-acciones-turisticas-en-asamblea-nacional","status":"publish","type":"post","link":"https:\/\/radiowebmx.com\/nota\/michoacan-destaca-acciones-turisticas-en-asamblea-nacional\/","title":{"rendered":"Michoac\u00e1n destaca acciones tur\u00edsticas en asamblea nacional"},"content":{"rendered":"\n<p><strong>\u2022 En el marco de la sexta edici\u00f3n del Tianguis Nacional de Pueblos M\u00e1gicos, en Veracruz<\/strong><\/p>\n\n\n\n<p>Boca del R\u00edo, Veracruz.- Michoac\u00e1n contin\u00faa fortaleciendo su presencia a nivel nacional e internacional difundiendo todos los atractivos y destinos que cuenta en sus siete regiones a trav\u00e9s de la presencia en distintos encuentros dedicados al sector y al p\u00fablico en general.<\/p>\n\n\n\n<p>As\u00ed lo destac\u00f3 Roberto Monroy Garc\u00eda, titular de la Secretar\u00eda de Turismo de Michoac\u00e1n (Sectur), durante la 57 asamblea de la Uni\u00f3n de Secretarios de Turismo de M\u00e9xico A.C. (Asetur), realizada en el marco de la sexta edici\u00f3n del Tianguis Nacional de Pueblos M\u00e1gicos que se desarrolla en Veracruz.<\/p>\n\n\n\n<p>Dicha asamblea cont\u00f3 con la presencia de Miguel Torruco Marqu\u00e9s, secretario de Turismo federal y del gobernador de Veracruz, Cuitl\u00e1huac Garc\u00eda Jim\u00e9nez, estado anfitri\u00f3n de este tianguis donde Michoac\u00e1n presume sus 10 Pueblos M\u00e1gicos y su Barrio M\u00e1gico.<\/p>\n\n\n\n<p>En representaci\u00f3n del gobernador Alfredo Ram\u00edrez Bedolla, Monroy Garc\u00eda ha promovido la cultura, gastronom\u00eda, artesan\u00edas y los destinos de naturaleza y aventura que se pueden disfrutar en los Pueblos M\u00e1gicos de P\u00e1tzcuaro, Santa Clara del Cobre, Tzintzuntzan, Angangueo, Tlalpujahua, Jiquilpan, Tac\u00e1mbaro, Cuitzeo, Paracho, Cotija y en el Barrio M\u00e1gico de San Pedro en Uruapan.<\/p>\n\n\n\n<p>De manera conjunta, personal de los 10 Pueblos M\u00e1gicos y del Barrio M\u00e1gico, y turoperadores de la entidad que se encuentran en el evento, han sostenido diversas citas de negocios y se ha presentado el destino ante el p\u00fablico asistente.<\/p>\n","protected":false},"excerpt":{"rendered":"<p>\u2022 En el marco de la sexta edici\u00f3n del Tianguis Nacional de Pueblos M\u00e1gicos, en Veracruz Boca del R\u00edo, Veracruz.- Michoac\u00e1n contin\u00faa fortaleciendo su presencia a nivel nacional e internacional difundiendo todos los atractivos y destinos que cuenta en sus siete regiones a trav\u00e9s de la presencia en distintos encuentros dedicados al sector y al [&hellip;]<\/p>\n","protected":false},"author":2,"featured_media":71288,"comment_status":"closed","ping_status":"closed","sticky":false,"template":"","format":"standard","meta":{"footnotes":""},"categories":[14],"tags":[],"class_list":["post-71287","post","type-post","status-publish","format-standard","has-post-thumbnail","hentry","category-destacadas"],"_links":{"self":[{"href":"https:\/\/radiowebmx.com\/nota\/wp-json\/wp\/v2\/posts\/71287","targetHints":{"allow":["GET"]}}],"collection":[{"href":"https:\/\/radiowebmx.com\/nota\/wp-json\/wp\/v2\/posts"}],"about":[{"href":"https:\/\/radiowebmx.com\/nota\/wp-json\/wp\/v2\/types\/post"}],"author":[{"embeddable":true,"href":"https:\/\/radiowebmx.com\/nota\/wp-json\/wp\/v2\/users\/2"}],"replies":[{"embeddable":true,"href":"https:\/\/radiowebmx.com\/nota\/wp-json\/wp\/v2\/comments?post=71287"}],"version-history":[{"count":1,"href":"https:\/\/radiowebmx.com\/nota\/wp-json\/wp\/v2\/posts\/71287\/revisions"}],"predecessor-version":[{"id":71289,"href":"https:\/\/radiowebmx.com\/nota\/wp-json\/wp\/v2\/posts\/71287\/revisions\/71289"}],"wp:featuredmedia":[{"embeddable":true,"href":"https:\/\/radiowebmx.com\/nota\/wp-json\/wp\/v2\/media\/71288"}],"wp:attachment":[{"href":"https:\/\/radiowebmx.com\/nota\/wp-json\/wp\/v2\/media?parent=71287"}],"wp:term":[{"taxonomy":"category","embeddable":true,"href":"https:\/\/radiowebmx.com\/nota\/wp-json\/wp\/v2\/categories?post=71287"},{"taxonomy":"post_tag","embeddable":true,"href":"https:\/\/radiowebmx.com\/nota\/wp-json\/wp\/v2\/tags?post=71287"}],"curies":[{"name":"wp","href":"https:\/\/api.w.org\/{rel}","templated":true}]}}