{"id":71274,"date":"2024-09-11T21:28:56","date_gmt":"2024-09-12T02:28:56","guid":{"rendered":"https:\/\/radiowebmx.com\/nota\/?p=71274"},"modified":"2024-09-11T21:28:59","modified_gmt":"2024-09-12T02:28:59","slug":"premio-genesis-2024-en-categoria-medios-de-comunicacion-al-periodista-fabio-rosales-coria","status":"publish","type":"post","link":"https:\/\/radiowebmx.com\/nota\/premio-genesis-2024-en-categoria-medios-de-comunicacion-al-periodista-fabio-rosales-coria\/","title":{"rendered":"Premio G\u00e9nesis 2024, en categoria medios de comunicaci\u00f3n al periodista Fabio Rosales Coria"},"content":{"rendered":"\n<p><strong><em>Palabras de  Fabio Rosales Coria, al recibir Premio G\u00e9nesis en categoria medios de comunicaci\u00f3n<\/em><\/strong><\/p>\n\n\n\n<p>Se\u00f1ores y se\u00f1oras:<\/p>\n\n\n\n<p>Soy de ese pueblo m\u00ednimo y callado, Taretan, donde se prologa la paz en los tejados, como dijo el hombre m\u00e1s ilustre que esa misma tierra haya parido para gloria de M\u00e9xico y del mundo: el educador don Lucas Ortiz Ben\u00edtez.<\/p>\n\n\n\n<p>Soy de formaci\u00f3n periodista desde hace 40 a\u00f1os, combativo en mis inicios, como el corte del poeta Manuel Garc\u00eda Rojas, tambi\u00e9n taretense, como tal lo describieron los historiadores de mi gloriosa Universidad Michoacana de San Nicol\u00e1s de Hidalgo.<\/p>\n\n\n\n<p>Soy nicolaita de primera formaci\u00f3n universitaria, porque abrev\u00e9 el pensamiento que se erige, para gloria de M\u00e9xico y del mundo, en mi querido Colegio de San Nicol\u00e1s. El mismo lugar donde el siglo antepasado el taretense Jos\u00e9 Ortiz Vidales hac\u00eda vibrar hasta los propios cimientos de dicho colegio en sus intervenciones po\u00e9ticas.<\/p>\n\n\n\n<p>Pis Pas, pis Pas\/ Cal\u00eds cal\u00e1s, cal\u00eds cal\u00e1s\/ Ssshhh \u00a1P\u00fam!\/\u2026 \u00a1San Nicol\u00e1s!.<\/p>\n\n\n\n<p>Soy moreliano por adopci\u00f3n porque los taretenses servimos al mundo en cualquier lugar, como el oriundo de Taretan, Rafael Ruiz B\u00e9jar que fue alcalde moreliano.<\/p>\n\n\n\n<p>Y en Morelia he servido al lado de grandes presidentes como Sergio Maga\u00f1a, Fausto Vallejo, Salvador Galv\u00e1n y L\u00f3pez Ordu\u00f1a.<\/p>\n\n\n\n<figure class=\"wp-block-image size-full is-resized\"><a href=\"https:\/\/radiowebmx.com\/nota\/wp-content\/uploads\/2024\/09\/image.png\"><img loading=\"lazy\" decoding=\"async\" width=\"709\" height=\"497\" src=\"https:\/\/radiowebmx.com\/nota\/wp-content\/uploads\/2024\/09\/image.png\" alt=\"\" class=\"wp-image-71276\" style=\"aspect-ratio:1.4265593561368208;width:600px;height:auto\" srcset=\"https:\/\/radiowebmx.com\/nota\/wp-content\/uploads\/2024\/09\/image.png 709w, https:\/\/radiowebmx.com\/nota\/wp-content\/uploads\/2024\/09\/image-595x417.png 595w\" sizes=\"auto, (max-width: 709px) 100vw, 709px\" \/><\/a><\/figure>\n\n\n\n<p>Esta ciudad que da cobijo a todos pero que nos obliga a trabajar por ella tal como lo hace Alfonso Mart\u00ednez.<\/p>\n\n\n\n<p>Porque en Morelia tambi\u00e9n pude adoptar el feminismo como corriente de pensamiento para arribar a mejores estad\u00edos de igualdad entre mujeres y hombres, desde el entonces Instituto Michoacano de la Mujer con Rub\u00ed de Mar\u00eda G\u00f3mez Campos y que como tal, desde entonces y hasta ahora, en la Secretar\u00eda de Igualdad Sustantiva, del gobierno del estado que encabeza Alfredo Ram\u00edrez, se trabaja.<\/p>\n\n\n\n<p>Y porque hemos podido surcar toda la entidad con las \u201cLeonas de la Corregidora\u201d al lado de Fermina Arellano, para visibilizar el trabajo de las mujeres y en concreto, el quehacer de una mujer de izquierda, combativa y decidida, de aquella izquierda pura, la de Cuca Garc\u00eda, la taretense que encabez\u00f3 la lucha para que los derechos pol\u00edticos de las mujeres fueras reconocidos en todo el pa\u00eds a partir de 1953 y cuyo nombre, Mar\u00eda del Refugio Garc\u00eda Mart\u00ednez, hoy se encuentra inscrito en el muro de honor del congreso michoacano, gracias a la iniciativa de la primer comunista diputada michoacana, Mar\u00eda de la Luz N\u00fa\u00f1ez Ramos.<\/p>\n\n\n\n<p>Soy comunicador de carrera en esta ciudad, formado en las aulas, pero siempre al amparo de mi amigo don Miguel Medina, he servido en institutos pol\u00edticos, instituciones gubernamentales y en los diversos \u00f3rdenes de gobierno, de diferentes colores y sabores, de derecha, del centro izquierda y de izquierda.<\/p>\n\n\n\n<p>Soy plural, que no es lo mismo ser veleta que se mueve apuntando al vaiv\u00e9n del viento ideol\u00f3gico en turno, aunque guardo para m\u00ed, el color intermedio de los mencionados, con mucho orgullo.<\/p>\n\n\n\n<p>Y en ese turno, he llegado a una casa, a mi casa, el Instituto Mexicano del Seguro Social, la mejor instituci\u00f3n de salud p\u00fablica de este pa\u00eds.<\/p>\n\n\n\n<p>Desde ah\u00ed, acaso sea uno de dichos logros por los que me hacen merecedor de este reconocimiento, hemos impulsado una nueva cultura de donaci\u00f3n de \u00f3rganos y tejidos con fines de trasplante al lado de ocho titulares en Michoac\u00e1n: Julio C\u00e9sar Gonz\u00e1lez, Rom\u00e1n Acosta, Lorena Y\u00e1\u00f1ez, Mar\u00eda Soto, Enrique Orozco, Ma. Luis Rodea, Javier Cabral y Jos\u00e9 Miguel \u00c1ngel Van Dick. Titulares de diverso signo, pero del mismo prop\u00f3sito: servir a los michoacanos.<\/p>\n\n\n\n<p>Esta es mi casa, de la que ya toco el dintel de la puerta de salida, pero con el mejor de los \u00e1nimos de seguir siendo un instrumento m\u00ednimo del trigo innumerable que la mueve todos los d\u00edas, sin desmayos ni claudicaciones, en servir a los michoacanos. De esos trabajadores y trabajadoras liderados por Juan Gerardo Garc\u00eda.<\/p>\n\n\n\n<p>Y una actividad alterna en pro de la salud, desde las paginas de salud al cien, impulsamos la difusi\u00f3n del quehacer m\u00e9dico hospitalario de colegios, instituciones, asociaciones y sociedades m\u00e9dicas como mi segunda casa: el Instituto Nacional de Educaci\u00f3n M\u00e9dica Continua INEMEC y el Consejo Nacional de Certificaci\u00f3n en Medicina General, al mando del doctor C\u00e9sar Jim\u00e9nez.<\/p>\n\n\n\n<p>Y mi refugio ser\u00e1 la casa de los cronistas, los que describen el mundo como lo conocieron nuestros abuelos para dar pinceladas a nuestros nietos de que nuestros rincones michoacanos son lugares dignos para vivir. Con ese pincel m\u00e1gico como pint\u00f3 a Michoac\u00e1n el mejor de los prosistas michoacanos Alfredo Maillefert, taretense cuyo nombre lleva la Calzada de los poetas ilustres del Centro de Convenciones.<\/p>\n\n\n\n<p>Y aunque debemos ser plurales tambi\u00e9n en nuestra descripci\u00f3n del paisaje del pasado, apuntalamos junto a los cronistas encabezados por Arturo Villase\u00f1or, el turismo religioso cat\u00f3lico en esa misma demarcaci\u00f3n a la que hago alusi\u00f3n, tan temprano y no tan tarde: Taretan.<\/p>\n\n\n\n<p>Porque es la cuna de mis abuelos, de mis padres, de mis hermanos, aqu\u00ed presentes, y desde luego de la depositaria de mis afectos y mis desfortunas: mi esposa Gabriela Morales, tambi\u00e9n presente, as\u00ed como a mis hijos, con quienes hemos recorrido este camino del que les he hablado.<\/p>\n\n\n\n<p>A ellos corresponde el mayor de los m\u00e9ritos, porque yo soy solo un instrumento del periodismo, del feminismo, del cronismo y del servicio p\u00fablico en los tres \u00f3rdenes de gobierno.<\/p>\n\n\n\n<p>Finalmente quiero rendir homenaje a un joven ya fallecido en circunstancias accidentales hace 10 a\u00f1os, Jorge, con el permiso de su madre, Claudia y quien nos leg\u00f3 t\u00e1citamente, sus \u00f3rganos y tejidos y, al d\u00eda de hoy, su muerte no fue en vano, sino que ahora vive a trav\u00e9s de esa donaci\u00f3n, en otras personas del pa\u00eds. Esa es la magia de la donaci\u00f3n.<\/p>\n\n\n\n<p>Gracias a las familias donadoras y los donadores porque gracias a ustedes hemos podido contar bellas historias. Gracias doctora Gricelda y a mi casa, el IMSS.<\/p>\n\n\n\n<p>No puedo dejar de pronunciarme en favor de la no regulaci\u00f3n de las redes sociales en M\u00e9xico como pretexto para socavar la libertad de expresi\u00f3n. Al final de cuentas, el libertinaje expresado en la denostaci\u00f3n, la diatriba y los ataques en las redes sociales, son ya sujetas a investigaci\u00f3n, litigio y persecuci\u00f3n del delito. Tan es as\u00ed, que tenemos ejemplos en el pa\u00eds y en Michoac\u00e1n, de que, al menos la Violencia Pol\u00edtica por Razones de G\u00e9nero, han costado la ca\u00edda de elecciones.<\/p>\n\n\n\n<p>Ahora s\u00ed finalmente, agradezco esta distinci\u00f3n a la Fundaci\u00f3n G\u00e9nesis y a su presidente, Dr. Rogelio D\u00edaz Ortiz y a los integrantes de la misma, por este reconocimiento.<\/p>\n\n\n\n<p>Disculpen ustedes, acaso deb\u00ed dar este solo agradecimiento y callarme, pero no hab\u00eda que dejar pasar esta oportunidad. No todos los d\u00edas te otorgan, por tan m\u00ednimo trabajo, un gran reconocimiento. Y hab\u00eda que venir por el y hab\u00eda que hablar tambi\u00e9n.<\/p>\n\n\n\n<p>De nuevo disculpas y gracias.<\/p>\n","protected":false},"excerpt":{"rendered":"<p>Palabras de Fabio Rosales Coria, al recibir Premio G\u00e9nesis en categoria medios de comunicaci\u00f3n Se\u00f1ores y se\u00f1oras: Soy de ese pueblo m\u00ednimo y callado, Taretan, donde se prologa la paz en los tejados, como dijo el hombre m\u00e1s ilustre que esa misma tierra haya parido para gloria de M\u00e9xico y del mundo: el educador don [&hellip;]<\/p>\n","protected":false},"author":2,"featured_media":71275,"comment_status":"closed","ping_status":"closed","sticky":false,"template":"","format":"standard","meta":{"footnotes":""},"categories":[14],"tags":[],"class_list":["post-71274","post","type-post","status-publish","format-standard","has-post-thumbnail","hentry","category-destacadas"],"_links":{"self":[{"href":"https:\/\/radiowebmx.com\/nota\/wp-json\/wp\/v2\/posts\/71274","targetHints":{"allow":["GET"]}}],"collection":[{"href":"https:\/\/radiowebmx.com\/nota\/wp-json\/wp\/v2\/posts"}],"about":[{"href":"https:\/\/radiowebmx.com\/nota\/wp-json\/wp\/v2\/types\/post"}],"author":[{"embeddable":true,"href":"https:\/\/radiowebmx.com\/nota\/wp-json\/wp\/v2\/users\/2"}],"replies":[{"embeddable":true,"href":"https:\/\/radiowebmx.com\/nota\/wp-json\/wp\/v2\/comments?post=71274"}],"version-history":[{"count":1,"href":"https:\/\/radiowebmx.com\/nota\/wp-json\/wp\/v2\/posts\/71274\/revisions"}],"predecessor-version":[{"id":71277,"href":"https:\/\/radiowebmx.com\/nota\/wp-json\/wp\/v2\/posts\/71274\/revisions\/71277"}],"wp:featuredmedia":[{"embeddable":true,"href":"https:\/\/radiowebmx.com\/nota\/wp-json\/wp\/v2\/media\/71275"}],"wp:attachment":[{"href":"https:\/\/radiowebmx.com\/nota\/wp-json\/wp\/v2\/media?parent=71274"}],"wp:term":[{"taxonomy":"category","embeddable":true,"href":"https:\/\/radiowebmx.com\/nota\/wp-json\/wp\/v2\/categories?post=71274"},{"taxonomy":"post_tag","embeddable":true,"href":"https:\/\/radiowebmx.com\/nota\/wp-json\/wp\/v2\/tags?post=71274"}],"curies":[{"name":"wp","href":"https:\/\/api.w.org\/{rel}","templated":true}]}}