{"id":71265,"date":"2024-09-10T15:23:42","date_gmt":"2024-09-10T20:23:42","guid":{"rendered":"https:\/\/radiowebmx.com\/nota\/?p=71265"},"modified":"2024-09-10T15:23:46","modified_gmt":"2024-09-10T20:23:46","slug":"hospital-del-imss-en-uruapan-cuenta-con-tomografo-de-alta-tecnologia-bedolla","status":"publish","type":"post","link":"https:\/\/radiowebmx.com\/nota\/hospital-del-imss-en-uruapan-cuenta-con-tomografo-de-alta-tecnologia-bedolla\/","title":{"rendered":"Hospital del IMSS en Uruapan cuenta con tom\u00f3grafo de alta tecnolog\u00eda: Bedolla"},"content":{"rendered":"\n<ul class=\"wp-block-list\">\n<li><strong><em>S\u00f3lo hay 3 en M\u00e9xico y uno de ellos se encuentra en este centro hospitalario gestionado por el gobernador de Michoac\u00e1n<\/em><\/strong><\/li>\n<\/ul>\n\n\n\n<p>Uruapan, Michoac\u00e1n, 8 de septiembre de 2024.- Uno de los mejores y m\u00e1s modernos tom\u00f3grafos del mundo se encuentra en el nuevo hospital de alta especialidad del IMSS en Uruapan, el cual brinda servicio a derechohabientes de este municipio y de la regi\u00f3n, destac\u00f3 el gobernador Alfredo Ram\u00edrez Bedolla.<\/p>\n\n\n\n<p>Se trata de un tom\u00f3grafo de 64 cortes de \u00faltima generaci\u00f3n con el cual se puede observar de manera detallada y precisa el cuerpo humano para brindar diagn\u00f3sticos m\u00e1s certeros en el menor tiempo posible, explic\u00f3 por su parte el director de este centro hospitalario, V\u00edctor Manuel Verduzco S\u00e1nchez.<\/p>\n\n\n\n<p>\u201cPr\u00e1cticamente podemos tener im\u00e1genes en dos o tres minutos de cualquier parte del cuerpo, si es necesario, e inmediatamente hacer diagn\u00f3sticos\u201d, detall\u00f3 el especialista.<\/p>\n\n\n\n<p>Este equipo integra la tecnolog\u00eda m\u00e1s avanzada, lo hace \u00fanico en la regi\u00f3n y en el estado, ya que en el pa\u00eds existen solo tres, y uno de ellos ya opera en el nuevo hospital del IMSS en Uruapan.<\/p>\n\n\n\n<p>La construcci\u00f3n de este nuevo hospital, con el cual se ha ampliado y mejorado la atenci\u00f3n m\u00e9dica en la regi\u00f3n, es resultado de la gesti\u00f3n del gobernador Alfredo Ram\u00edrez Bedolla ante el Instituto Mexicano del Seguro Social y a la donaci\u00f3n por parte del Gobierno de Michoac\u00e1n del terreno donde fue edificado.<\/p>\n\n\n\n<p>Todo ello, con la finalidad de garantizar los servicios de salud y la cobertura de la atenci\u00f3n m\u00e9dica para todas y todos los michoacanos.<\/p>\n","protected":false},"excerpt":{"rendered":"<p>Uruapan, Michoac\u00e1n, 8 de septiembre de 2024.- Uno de los mejores y m\u00e1s modernos tom\u00f3grafos del mundo se encuentra en el nuevo hospital de alta especialidad del IMSS en Uruapan, el cual brinda servicio a derechohabientes de este municipio y de la regi\u00f3n, destac\u00f3 el gobernador Alfredo Ram\u00edrez Bedolla. Se trata de un tom\u00f3grafo de [&hellip;]<\/p>\n","protected":false},"author":2,"featured_media":71266,"comment_status":"closed","ping_status":"closed","sticky":false,"template":"","format":"standard","meta":{"footnotes":""},"categories":[3],"tags":[],"class_list":["post-71265","post","type-post","status-publish","format-standard","has-post-thumbnail","hentry","category-gobierno-del-estado-de-michoacan"],"_links":{"self":[{"href":"https:\/\/radiowebmx.com\/nota\/wp-json\/wp\/v2\/posts\/71265","targetHints":{"allow":["GET"]}}],"collection":[{"href":"https:\/\/radiowebmx.com\/nota\/wp-json\/wp\/v2\/posts"}],"about":[{"href":"https:\/\/radiowebmx.com\/nota\/wp-json\/wp\/v2\/types\/post"}],"author":[{"embeddable":true,"href":"https:\/\/radiowebmx.com\/nota\/wp-json\/wp\/v2\/users\/2"}],"replies":[{"embeddable":true,"href":"https:\/\/radiowebmx.com\/nota\/wp-json\/wp\/v2\/comments?post=71265"}],"version-history":[{"count":1,"href":"https:\/\/radiowebmx.com\/nota\/wp-json\/wp\/v2\/posts\/71265\/revisions"}],"predecessor-version":[{"id":71267,"href":"https:\/\/radiowebmx.com\/nota\/wp-json\/wp\/v2\/posts\/71265\/revisions\/71267"}],"wp:featuredmedia":[{"embeddable":true,"href":"https:\/\/radiowebmx.com\/nota\/wp-json\/wp\/v2\/media\/71266"}],"wp:attachment":[{"href":"https:\/\/radiowebmx.com\/nota\/wp-json\/wp\/v2\/media?parent=71265"}],"wp:term":[{"taxonomy":"category","embeddable":true,"href":"https:\/\/radiowebmx.com\/nota\/wp-json\/wp\/v2\/categories?post=71265"},{"taxonomy":"post_tag","embeddable":true,"href":"https:\/\/radiowebmx.com\/nota\/wp-json\/wp\/v2\/tags?post=71265"}],"curies":[{"name":"wp","href":"https:\/\/api.w.org\/{rel}","templated":true}]}}